{"id":10620,"date":"2023-08-10T14:45:58","date_gmt":"2023-08-10T14:45:58","guid":{"rendered":"https:\/\/globaltaxjustice.org\/?post_type=news&#038;p=10620"},"modified":"2023-09-02T16:06:43","modified_gmt":"2023-09-02T16:06:43","slug":"declaracion-de-tjna-tafja-rjfalc-y-secretaria-de-gatj","status":"publish","type":"news","link":"https:\/\/globaltaxjustice.org\/es\/noticias\/declaracion-de-tjna-tafja-rjfalc-y-secretaria-de-gatj\/","title":{"rendered":"Declaraci\u00f3n de TJNA, TAFJA, RJFALC y Secretar\u00eda de GATJ"},"content":{"rendered":"<p><a href=\"https:\/\/globaltaxjustice.org\/news\/statement-by-tjna-tafja-rjfalc-and-gatj-secretariat\/\">Read this statement in English<\/a><\/p>\n<p><span style=\"font-weight: 400;\">Tras la resoluci\u00f3n 77\/244 del 30 de diciembre de 2022 de la Asamblea General de Naciones Unidas en la \u201cPromoci\u00f3n en las Naciones Unidas de la cooperaci\u00f3n internacional inclusiva y eficaz en cuestiones de tributaci\u00f3n\u201d, una versi\u00f3n preliminar del <a href=\"https:\/\/financing.desa.un.org\/sites\/default\/files\/2023-08\/A-78-235_advance%20unedited%20version_0.pdf\">informe<\/a> (de momento disponible s\u00f3lo en ingl\u00e9s) del Secretario General de la ONU fue puesto a disposici\u00f3n del p\u00fablico ayer.<\/span><\/p>\n<p><span style=\"font-weight: 400;\">El informe presenta tres posibles opciones a fin de fortalecer la cooperaci\u00f3n tributaria a nivel internacional tras analizar la situaci\u00f3n actual y el contexto global en el que esta cooperaci\u00f3n se est\u00e1 desarrollando.\u00a0<\/span><\/p>\n<p><span style=\"font-weight: 400;\">1) Una convenci\u00f3n multilateral de la ONU sobre tributaci\u00f3n;<\/span><span style=\"font-weight: 400;\"><br \/>\n<\/span><span style=\"font-weight: 400;\">2) Una convenci\u00f3n marco de la ONU en torno a la cooperaci\u00f3n tributaria internacional;<\/span><span style=\"font-weight: 400;\"><br \/>\n<\/span><span style=\"font-weight: 400;\">3) Un marco de la ONU para la cooperaci\u00f3n tributaria internacional.<\/span><\/p>\n<p><span style=\"font-weight: 400;\">En el documento que\u00a0 <\/span><a href=\"https:\/\/csoforffd.org\/\"><span style=\"font-weight: 400;\">Civil Society FfD Mechanism<\/span><\/a><span style=\"font-weight: 400;\"> present\u00f3 para este Informe manifestaban que se necesita una Convenci\u00f3n Marco de la ONU sobre tributaci\u00f3n para promover una cooperaci\u00f3n tributaria efectiva.<\/span><\/p>\n<p><span style=\"font-weight: 400;\">Aunque se reconoce ampliamente la necesidad de una cooperaci\u00f3n tributaria global inclusiva y universal, el mundo a\u00fan carece de un marco global para dicha cooperaci\u00f3n. Faltan estructuras b\u00e1sicas de toma de decisiones y gobernanza, as\u00ed como elementos claves tales objetivos y principios para la cooperaci\u00f3n tributaria internacionales pues estos no se han establecido claramente como un instrumento mundialmente respaldado. Creemos que el instrumento adecuado para promocionar esta cooperaci\u00f3n es una Convenci\u00f3n Marco de la ONU sobre tributaci\u00f3n.<\/span><\/p>\n<p><span style=\"font-weight: 400;\">Damos la bienvenida al Informe Tributario del Secretario General como una importante contribuci\u00f3n para mejorar el papel de las Naciones Unidas en la formulaci\u00f3n de normas y establecimiento de est\u00e1ndares en materia de impuestos a nivel internacional, para facilitar una negociaci\u00f3n intergubernamental en la ONU que reforme la gobernanza tributaria internacional y para acordar normas y principios subyacentes.<\/span><\/p>\n<p><span style=\"font-weight: 400;\">Hacemos un llamamiento a los Estados Miembros para que acuerden modalidades s\u00f3lidas en la pr\u00f3xima Asamblea General de la ONU, de modo que se den pasos concretos para avanzar en las medidas de implementaci\u00f3n de una cooperaci\u00f3n fiscal internacional inclusiva y eficaz a trav\u00e9s de una Convenci\u00f3n Marco de la ONU sobre cooperaci\u00f3n fiscal internacional.<\/span><\/p>\n<p><b>Luis Moreno<\/b><span style=\"font-weight: 400;\">, miembro de la Red de Justicia Fiscal de Am\u00e9rica Latina y el Caribe (RJFALC) y presidente del Comit\u00e9 de Coordinaci\u00f3n de la Alianza Global por la Justicia Fiscal (GATJ), dijo: <\/span><i><span style=\"font-weight: 400;\">\u201cTras a\u00f1os de bloqueo por parte de los pa\u00edses poderosos, el llamamiento de los pa\u00edses en desarrollo por una soluci\u00f3n basada en la ONU a los problemas de la cooperaci\u00f3n fiscal internacional est\u00e1 cobrando impulso. El informe del SG dar\u00e1 un nuevo impulso a este proceso al afirmar inequ\u00edvocamente que la soluci\u00f3n debe ser el resultado de negociaciones intergubernamentales en pie de igualdad dentro de la ONU. Nosotros, como OSC, acogemos con gran satisfacci\u00f3n el informe del SG por proporcionar los par\u00e1metros para este debate intergubernamental. Si el objetivo \u00faltimo de estas negociaciones es una revisi\u00f3n y democratizaci\u00f3n de la gobernanza fiscal mundial, una Convenci\u00f3n Marco sobre Cooperaci\u00f3n Fiscal Internacional (Opci\u00f3n 2) ser\u00e1 la mejor manera de avanzar a nivel mundial, y principalmente en inter\u00e9s de los pa\u00edses en desarrollo.\u00bb<\/span><\/i><\/p>\n<p><b>Chenai Mukumba<\/b><span style=\"font-weight: 400;\">, directora ejecutiva de Tax Justice Network Africa (TJNA) y miembro del Comit\u00e9 de Coordinaci\u00f3n de la GATJ, declar\u00f3:<\/span><i><span style=\"font-weight: 400;\"> \u201cEstamos contentos de ver una nueva confirmaci\u00f3n de la necesidad de trasladar las normas del sistema fiscal mundial de la OCDE a la ONU. Cada vez se reconoce m\u00e1s que la arquitectura financiera internacional ya no es adecuada para su prop\u00f3sito y este informe reitera la importancia de esta conversaci\u00f3n en lo que respecta al sistema fiscal mundial. El Grupo Africano debe ser elogiado por ser pionero en este cambio hist\u00f3rico.\u201d<\/span><\/i><\/p>\n<p><b>Jeannie Manipon<\/b><span style=\"font-weight: 400;\">, coordinadora de la Tax and Fiscal Justice Asia (TAFJA) y miembro del Comit\u00e9 de Coordinaci\u00f3n de la GATJ, dijo: <\/span><i><span style=\"font-weight: 400;\">\u201cTenemos ante nosotros la oportunidad de arreglar los problemas del sistema fiscal internacional, y ello en un momento en que la comunidad internacional est\u00e1 tan presionada para encontrar soluciones a las m\u00faltiples crisis. El informe del SG es una se\u00f1al prometedora de que este proceso est\u00e1 avanzando bajo un liderazgo fuerte y firme. Hacemos un llamamiento a los Estados Miembros para que apoyen este proceso, consideren la Opci\u00f3n 2 del informe del SG y aprovechen esta oportunidad hist\u00f3rica para democratizar la gobernanza fiscal mundial.\u00bb<\/span><\/i><\/p>\n<p><b>Dereje Alemayehu<\/b><span style=\"font-weight: 400;\">, coordinador ejecutivo de la GATJ dijo: <\/span><i><span style=\"font-weight: 400;\">\u201cEl a\u00f1o pasado se dio un paso decisivo cuando la Asamblea General de la ONU respald\u00f3 la resoluci\u00f3n del Grupo Africano sobre cooperaci\u00f3n fiscal internacional. El informe del SG es otro paso positivo en la direcci\u00f3n correcta. El informe no deja lugar a dudas de que la ONU y un proceso intergubernamental en su seno son el \u00fanico espacio donde podr\u00eda buscarse una soluci\u00f3n equitativa y democr\u00e1tica a las cuestiones de cooperaci\u00f3n fiscal internacional. Hacemos un llamamiento a los Estados Miembros para que opten por una soluci\u00f3n duradera considerando la opci\u00f3n 2 del informe del SG.\u201d<\/span><\/i><\/p>\n","protected":false},"excerpt":{"rendered":"<p>Miembros del Sur global de la GATJ dan la bienvenida al nuevo reporte tributario del Secretario General de la ONU<\/p>\n","protected":false},"featured_media":10564,"template":"","thematic-area":[136],"year":[144],"resource-type":[],"class_list":["post-10620","news","type-news","status-publish","has-post-thumbnail","hentry","thematic-area-convencion-fiscal-de-la-onu","year-2023-es"],"acf":[],"yoast_head":"<!-- This site is optimized with the Yoast SEO plugin v27.2 - https:\/\/yoast.com\/product\/yoast-seo-wordpress\/ -->\n<title>Declaraci\u00f3n de TJNA, TAFJA, RJFALC y Secretar\u00eda de GATJ - Global Tax Justice<\/title>\n<meta name=\"robots\" content=\"index, follow, max-snippet:-1, max-image-preview:large, max-video-preview:-1\" \/>\n<link rel=\"canonical\" href=\"https:\/\/globaltaxjustice.org\/es\/noticias\/declaracion-de-tjna-tafja-rjfalc-y-secretaria-de-gatj\/\" \/>\n<meta property=\"og:locale\" content=\"es_ES\" \/>\n<meta property=\"og:type\" content=\"article\" \/>\n<meta property=\"og:title\" content=\"Declaraci\u00f3n de TJNA, TAFJA, RJFALC y Secretar\u00eda de GATJ - Global Tax Justice\" \/>\n<meta property=\"og:description\" content=\"Miembros del Sur global de la GATJ dan la bienvenida al nuevo reporte tributario del Secretario General de la ONU\" \/>\n<meta property=\"og:url\" content=\"https:\/\/globaltaxjustice.org\/es\/noticias\/declaracion-de-tjna-tafja-rjfalc-y-secretaria-de-gatj\/\" \/>\n<meta property=\"og:site_name\" content=\"Global Tax Justice\" \/>\n<meta property=\"article:modified_time\" content=\"2023-09-02T16:06:43+00:00\" \/>\n<meta property=\"og:image\" content=\"https:\/\/globaltaxjustice.org\/wp-content\/uploads\/2023\/07\/GATJ-web.png\" \/>\n\t<meta property=\"og:image:width\" content=\"800\" \/>\n\t<meta property=\"og:image:height\" content=\"450\" \/>\n\t<meta property=\"og:image:type\" content=\"image\/png\" \/>\n<meta name=\"twitter:card\" content=\"summary_large_image\" \/>\n<meta name=\"twitter:label1\" content=\"Est. reading time\" \/>\n\t<meta name=\"twitter:data1\" content=\"4 minutos\" \/>\n<script type=\"application\/ld+json\" class=\"yoast-schema-graph\">{\"@context\":\"https:\/\/schema.org\",\"@graph\":[{\"@type\":\"WebPage\",\"@id\":\"https:\/\/globaltaxjustice.org\/es\/noticias\/declaracion-de-tjna-tafja-rjfalc-y-secretaria-de-gatj\/\",\"url\":\"https:\/\/globaltaxjustice.org\/es\/noticias\/declaracion-de-tjna-tafja-rjfalc-y-secretaria-de-gatj\/\",\"name\":\"Declaraci\u00f3n de TJNA, TAFJA, RJFALC y Secretar\u00eda de GATJ - Global Tax Justice\",\"isPartOf\":{\"@id\":\"https:\/\/globaltaxjustice.org\/es\/#website\"},\"primaryImageOfPage\":{\"@id\":\"https:\/\/globaltaxjustice.org\/es\/noticias\/declaracion-de-tjna-tafja-rjfalc-y-secretaria-de-gatj\/#primaryimage\"},\"image\":{\"@id\":\"https:\/\/globaltaxjustice.org\/es\/noticias\/declaracion-de-tjna-tafja-rjfalc-y-secretaria-de-gatj\/#primaryimage\"},\"thumbnailUrl\":\"https:\/\/globaltaxjustice.org\/wp-content\/uploads\/2023\/07\/GATJ-web.png\",\"datePublished\":\"2023-08-10T14:45:58+00:00\",\"dateModified\":\"2023-09-02T16:06:43+00:00\",\"breadcrumb\":{\"@id\":\"https:\/\/globaltaxjustice.org\/es\/noticias\/declaracion-de-tjna-tafja-rjfalc-y-secretaria-de-gatj\/#breadcrumb\"},\"inLanguage\":\"es\",\"potentialAction\":[{\"@type\":\"ReadAction\",\"target\":[\"https:\/\/globaltaxjustice.org\/es\/noticias\/declaracion-de-tjna-tafja-rjfalc-y-secretaria-de-gatj\/\"]}]},{\"@type\":\"ImageObject\",\"inLanguage\":\"es\",\"@id\":\"https:\/\/globaltaxjustice.org\/es\/noticias\/declaracion-de-tjna-tafja-rjfalc-y-secretaria-de-gatj\/#primaryimage\",\"url\":\"https:\/\/globaltaxjustice.org\/wp-content\/uploads\/2023\/07\/GATJ-web.png\",\"contentUrl\":\"https:\/\/globaltaxjustice.org\/wp-content\/uploads\/2023\/07\/GATJ-web.png\",\"width\":800,\"height\":450},{\"@type\":\"BreadcrumbList\",\"@id\":\"https:\/\/globaltaxjustice.org\/es\/noticias\/declaracion-de-tjna-tafja-rjfalc-y-secretaria-de-gatj\/#breadcrumb\",\"itemListElement\":[{\"@type\":\"ListItem\",\"position\":1,\"name\":\"Home\",\"item\":\"https:\/\/globaltaxjustice.org\/es\/\"},{\"@type\":\"ListItem\",\"position\":2,\"name\":\"News\",\"item\":\"https:\/\/globaltaxjustice.org\/es\/noticias\/\"},{\"@type\":\"ListItem\",\"position\":3,\"name\":\"Declaraci\u00f3n de TJNA, TAFJA, RJFALC y Secretar\u00eda de GATJ\"}]},{\"@type\":\"WebSite\",\"@id\":\"https:\/\/globaltaxjustice.org\/es\/#website\",\"url\":\"https:\/\/globaltaxjustice.org\/es\/\",\"name\":\"Global Tax Justice\",\"description\":\"Just another WordPress site\",\"publisher\":{\"@id\":\"https:\/\/globaltaxjustice.org\/es\/#organization\"},\"potentialAction\":[{\"@type\":\"SearchAction\",\"target\":{\"@type\":\"EntryPoint\",\"urlTemplate\":\"https:\/\/globaltaxjustice.org\/es\/?s={search_term_string}\"},\"query-input\":{\"@type\":\"PropertyValueSpecification\",\"valueRequired\":true,\"valueName\":\"search_term_string\"}}],\"inLanguage\":\"es\"},{\"@type\":\"Organization\",\"@id\":\"https:\/\/globaltaxjustice.org\/es\/#organization\",\"name\":\"Global Tax Justice\",\"url\":\"https:\/\/globaltaxjustice.org\/es\/\",\"logo\":{\"@type\":\"ImageObject\",\"inLanguage\":\"es\",\"@id\":\"https:\/\/globaltaxjustice.org\/es\/#\/schema\/logo\/image\/\",\"url\":\"https:\/\/globaltaxjustice.org\/wp-content\/uploads\/2024\/10\/logo_header.svg\",\"contentUrl\":\"https:\/\/globaltaxjustice.org\/wp-content\/uploads\/2024\/10\/logo_header.svg\",\"width\":229,\"height\":40,\"caption\":\"Global Tax Justice\"},\"image\":{\"@id\":\"https:\/\/globaltaxjustice.org\/es\/#\/schema\/logo\/image\/\"}}]}<\/script>\n<!-- \/ Yoast SEO plugin. -->","yoast_head_json":{"title":"Declaraci\u00f3n de TJNA, TAFJA, RJFALC y Secretar\u00eda de GATJ - Global Tax Justice","robots":{"index":"index","follow":"follow","max-snippet":"max-snippet:-1","max-image-preview":"max-image-preview:large","max-video-preview":"max-video-preview:-1"},"canonical":"https:\/\/globaltaxjustice.org\/es\/noticias\/declaracion-de-tjna-tafja-rjfalc-y-secretaria-de-gatj\/","og_locale":"es_ES","og_type":"article","og_title":"Declaraci\u00f3n de TJNA, TAFJA, RJFALC y Secretar\u00eda de GATJ - Global Tax Justice","og_description":"Miembros del Sur global de la GATJ dan la bienvenida al nuevo reporte tributario del Secretario General de la ONU","og_url":"https:\/\/globaltaxjustice.org\/es\/noticias\/declaracion-de-tjna-tafja-rjfalc-y-secretaria-de-gatj\/","og_site_name":"Global Tax Justice","article_modified_time":"2023-09-02T16:06:43+00:00","og_image":[{"width":800,"height":450,"url":"https:\/\/globaltaxjustice.org\/wp-content\/uploads\/2023\/07\/GATJ-web.png","type":"image\/png"}],"twitter_card":"summary_large_image","twitter_misc":{"Est. reading time":"4 minutos"},"schema":{"@context":"https:\/\/schema.org","@graph":[{"@type":"WebPage","@id":"https:\/\/globaltaxjustice.org\/es\/noticias\/declaracion-de-tjna-tafja-rjfalc-y-secretaria-de-gatj\/","url":"https:\/\/globaltaxjustice.org\/es\/noticias\/declaracion-de-tjna-tafja-rjfalc-y-secretaria-de-gatj\/","name":"Declaraci\u00f3n de TJNA, TAFJA, RJFALC y Secretar\u00eda de GATJ - Global Tax Justice","isPartOf":{"@id":"https:\/\/globaltaxjustice.org\/es\/#website"},"primaryImageOfPage":{"@id":"https:\/\/globaltaxjustice.org\/es\/noticias\/declaracion-de-tjna-tafja-rjfalc-y-secretaria-de-gatj\/#primaryimage"},"image":{"@id":"https:\/\/globaltaxjustice.org\/es\/noticias\/declaracion-de-tjna-tafja-rjfalc-y-secretaria-de-gatj\/#primaryimage"},"thumbnailUrl":"https:\/\/globaltaxjustice.org\/wp-content\/uploads\/2023\/07\/GATJ-web.png","datePublished":"2023-08-10T14:45:58+00:00","dateModified":"2023-09-02T16:06:43+00:00","breadcrumb":{"@id":"https:\/\/globaltaxjustice.org\/es\/noticias\/declaracion-de-tjna-tafja-rjfalc-y-secretaria-de-gatj\/#breadcrumb"},"inLanguage":"es","potentialAction":[{"@type":"ReadAction","target":["https:\/\/globaltaxjustice.org\/es\/noticias\/declaracion-de-tjna-tafja-rjfalc-y-secretaria-de-gatj\/"]}]},{"@type":"ImageObject","inLanguage":"es","@id":"https:\/\/globaltaxjustice.org\/es\/noticias\/declaracion-de-tjna-tafja-rjfalc-y-secretaria-de-gatj\/#primaryimage","url":"https:\/\/globaltaxjustice.org\/wp-content\/uploads\/2023\/07\/GATJ-web.png","contentUrl":"https:\/\/globaltaxjustice.org\/wp-content\/uploads\/2023\/07\/GATJ-web.png","width":800,"height":450},{"@type":"BreadcrumbList","@id":"https:\/\/globaltaxjustice.org\/es\/noticias\/declaracion-de-tjna-tafja-rjfalc-y-secretaria-de-gatj\/#breadcrumb","itemListElement":[{"@type":"ListItem","position":1,"name":"Home","item":"https:\/\/globaltaxjustice.org\/es\/"},{"@type":"ListItem","position":2,"name":"News","item":"https:\/\/globaltaxjustice.org\/es\/noticias\/"},{"@type":"ListItem","position":3,"name":"Declaraci\u00f3n de TJNA, TAFJA, RJFALC y Secretar\u00eda de GATJ"}]},{"@type":"WebSite","@id":"https:\/\/globaltaxjustice.org\/es\/#website","url":"https:\/\/globaltaxjustice.org\/es\/","name":"Global Tax Justice","description":"Just another WordPress site","publisher":{"@id":"https:\/\/globaltaxjustice.org\/es\/#organization"},"potentialAction":[{"@type":"SearchAction","target":{"@type":"EntryPoint","urlTemplate":"https:\/\/globaltaxjustice.org\/es\/?s={search_term_string}"},"query-input":{"@type":"PropertyValueSpecification","valueRequired":true,"valueName":"search_term_string"}}],"inLanguage":"es"},{"@type":"Organization","@id":"https:\/\/globaltaxjustice.org\/es\/#organization","name":"Global Tax Justice","url":"https:\/\/globaltaxjustice.org\/es\/","logo":{"@type":"ImageObject","inLanguage":"es","@id":"https:\/\/globaltaxjustice.org\/es\/#\/schema\/logo\/image\/","url":"https:\/\/globaltaxjustice.org\/wp-content\/uploads\/2024\/10\/logo_header.svg","contentUrl":"https:\/\/globaltaxjustice.org\/wp-content\/uploads\/2024\/10\/logo_header.svg","width":229,"height":40,"caption":"Global Tax Justice"},"image":{"@id":"https:\/\/globaltaxjustice.org\/es\/#\/schema\/logo\/image\/"}}]}},"_links":{"self":[{"href":"https:\/\/globaltaxjustice.org\/es\/wp-json\/wp\/v2\/news\/10620","targetHints":{"allow":["GET"]}}],"collection":[{"href":"https:\/\/globaltaxjustice.org\/es\/wp-json\/wp\/v2\/news"}],"about":[{"href":"https:\/\/globaltaxjustice.org\/es\/wp-json\/wp\/v2\/types\/news"}],"version-history":[{"count":0,"href":"https:\/\/globaltaxjustice.org\/es\/wp-json\/wp\/v2\/news\/10620\/revisions"}],"wp:featuredmedia":[{"embeddable":true,"href":"https:\/\/globaltaxjustice.org\/es\/wp-json\/wp\/v2\/media\/10564"}],"wp:attachment":[{"href":"https:\/\/globaltaxjustice.org\/es\/wp-json\/wp\/v2\/media?parent=10620"}],"wp:term":[{"taxonomy":"thematic-area","embeddable":true,"href":"https:\/\/globaltaxjustice.org\/es\/wp-json\/wp\/v2\/thematic-area?post=10620"},{"taxonomy":"year","embeddable":true,"href":"https:\/\/globaltaxjustice.org\/es\/wp-json\/wp\/v2\/year?post=10620"},{"taxonomy":"resource-type","embeddable":true,"href":"https:\/\/globaltaxjustice.org\/es\/wp-json\/wp\/v2\/resource-type?post=10620"}],"curies":[{"name":"wp","href":"https:\/\/api.w.org\/{rel}","templated":true}]}}