{"id":14957,"date":"2024-12-11T20:11:42","date_gmt":"2024-12-11T20:11:42","guid":{"rendered":"https:\/\/globaltaxjustice.org\/?post_type=news&#038;p=14957"},"modified":"2024-12-11T20:53:55","modified_gmt":"2024-12-11T20:53:55","slug":"gatj-chair-luis-moreno-top-50-tax-leader","status":"publish","type":"news","link":"https:\/\/globaltaxjustice.org\/es\/noticias\/gatj-chair-luis-moreno-top-50-tax-leader\/","title":{"rendered":"Presidente de GATJ, Luis Moreno, reconocido como uno de los 50 m\u00e1s influyentes en fiscalidad"},"content":{"rendered":"\n<p>El economista peruano <a href=\"https:\/\/www.internationaltaxreview.com\/article\/2e48l9ldnl7yzs8ha1urp\/itr-global-tax-50-2024-luis-moreno\">Luis Moreno<\/a> fue reconocido por la revista&nbsp;<em><a href=\"https:\/\/www.internationaltaxreview.com\/article\/2e42trft4yisyysyg8ao3\/global-tax-50-2024#noteworthy-individuals\">International Tax Review<\/a>&nbsp;<\/em>como una de las 50 personas m\u00e1s influeyentes a nivel global en temas de tributaci\u00f3n, junto a l\u00edderes mundiales y activistas de todo el orbe, gracias a su destacada funci\u00f3n como&nbsp;<em>chair<\/em>&nbsp;en el comit\u00e9 de coordinaci\u00f3n la Alianza Global por la Justicia Fiscal (GATJ).<\/p>\n\n\n\n<p>Moreno fue destacado en la categor\u00eda de individuos notables y destac\u00f3 que este es \u201c<em>un reconocimiento al enorme esfuerzo de personas, activistas, luchadorxs que nos une alrededor de todas regiones y continentes del mundo para el logro de una verdadera la justicia fiscal, para hacer de este mundo un lugar m\u00e1s justo, equitativo e inclusivo<\/em>\u201d.<\/p>\n\n\n\n<p><br>Moreno tambi\u00e9n fue reconocido por la campa\u00f1a de GATJ a favor de una Convenci\u00f3n Marco de las Naciones Unidas sobre Cooperaci\u00f3n Tributaria Internacional. Esta campa\u00f1a fue exitosa, y el mes pasado, los Estados miembros de la Asamblea General de la ONU <a href=\"https:\/\/globaltaxjustice.org\/news\/press-release-un-tax-convention-unga\/\">votaron a favor<\/a> de comenzar las negociaciones sobre la Convenci\u00f3n Fiscal de la ONU en febrero de 2025. \u201c<em>Ahora tenemos una oportunidad para redise\u00f1ar y mejorar las reglas fiscales globales a trav\u00e9s de la Convenci\u00f3n Fiscal en las Naciones Unidas, tenemos un camino largo por recorrer y el llamado es a redoblar esfuerzos para el logro de este objetivo<\/em>\u201d, precis\u00f3 Moreno.<\/p>\n","protected":false},"excerpt":{"rendered":"<p>News and activities from GATJ\u2019s members from 16 to 23 June<\/p>\n","protected":false},"featured_media":14643,"template":"","thematic-area":[142,154],"year":[160],"resource-type":[187],"class_list":["post-14957","news","type-news","status-publish","has-post-thumbnail","hentry","thematic-area-institucional","thematic-area-miembros-de-gatj","year-2024-es","resource-type-articulos-de-opinion-y-blogs"],"acf":[],"yoast_head":"<!-- This site is optimized with the Yoast SEO plugin v27.2 - https:\/\/yoast.com\/product\/yoast-seo-wordpress\/ -->\n<title>Presidente de GATJ, Luis Moreno, reconocido como uno de los 50 m\u00e1s influyentes en fiscalidad - Global Tax Justice<\/title>\n<meta name=\"robots\" content=\"index, follow, max-snippet:-1, max-image-preview:large, max-video-preview:-1\" \/>\n<link rel=\"canonical\" href=\"https:\/\/globaltaxjustice.org\/es\/noticias\/gatj-chair-luis-moreno-top-50-tax-leader\/\" \/>\n<meta property=\"og:locale\" content=\"es_ES\" \/>\n<meta property=\"og:type\" content=\"article\" \/>\n<meta property=\"og:title\" content=\"Presidente de GATJ, Luis Moreno, reconocido como uno de los 50 m\u00e1s influyentes en fiscalidad - Global Tax Justice\" \/>\n<meta property=\"og:description\" content=\"News and activities from GATJ\u2019s members from 16 to 23 June\" \/>\n<meta property=\"og:url\" content=\"https:\/\/globaltaxjustice.org\/es\/noticias\/gatj-chair-luis-moreno-top-50-tax-leader\/\" \/>\n<meta property=\"og:site_name\" content=\"Global Tax Justice\" \/>\n<meta property=\"article:modified_time\" content=\"2024-12-11T20:53:55+00:00\" \/>\n<meta property=\"og:image\" content=\"https:\/\/globaltaxjustice.org\/wp-content\/uploads\/2024\/10\/luis_moreno-scaled-e1733944715355.jpg\" \/>\n\t<meta property=\"og:image:width\" content=\"2324\" \/>\n\t<meta property=\"og:image:height\" content=\"1779\" \/>\n\t<meta property=\"og:image:type\" content=\"image\/jpeg\" \/>\n<meta name=\"twitter:card\" content=\"summary_large_image\" \/>\n<meta name=\"twitter:label1\" content=\"Est. reading time\" \/>\n\t<meta name=\"twitter:data1\" content=\"2 minutos\" \/>\n<script type=\"application\/ld+json\" class=\"yoast-schema-graph\">{\"@context\":\"https:\/\/schema.org\",\"@graph\":[{\"@type\":\"WebPage\",\"@id\":\"https:\/\/globaltaxjustice.org\/es\/noticias\/gatj-chair-luis-moreno-top-50-tax-leader\/\",\"url\":\"https:\/\/globaltaxjustice.org\/es\/noticias\/gatj-chair-luis-moreno-top-50-tax-leader\/\",\"name\":\"Presidente de GATJ, Luis Moreno, reconocido como uno de los 50 m\u00e1s influyentes en fiscalidad - Global Tax Justice\",\"isPartOf\":{\"@id\":\"https:\/\/globaltaxjustice.org\/es\/#website\"},\"primaryImageOfPage\":{\"@id\":\"https:\/\/globaltaxjustice.org\/es\/noticias\/gatj-chair-luis-moreno-top-50-tax-leader\/#primaryimage\"},\"image\":{\"@id\":\"https:\/\/globaltaxjustice.org\/es\/noticias\/gatj-chair-luis-moreno-top-50-tax-leader\/#primaryimage\"},\"thumbnailUrl\":\"https:\/\/globaltaxjustice.org\/wp-content\/uploads\/2024\/10\/luis_moreno-scaled-e1733944715355.jpg\",\"datePublished\":\"2024-12-11T20:11:42+00:00\",\"dateModified\":\"2024-12-11T20:53:55+00:00\",\"breadcrumb\":{\"@id\":\"https:\/\/globaltaxjustice.org\/es\/noticias\/gatj-chair-luis-moreno-top-50-tax-leader\/#breadcrumb\"},\"inLanguage\":\"es\",\"potentialAction\":[{\"@type\":\"ReadAction\",\"target\":[\"https:\/\/globaltaxjustice.org\/es\/noticias\/gatj-chair-luis-moreno-top-50-tax-leader\/\"]}]},{\"@type\":\"ImageObject\",\"inLanguage\":\"es\",\"@id\":\"https:\/\/globaltaxjustice.org\/es\/noticias\/gatj-chair-luis-moreno-top-50-tax-leader\/#primaryimage\",\"url\":\"https:\/\/globaltaxjustice.org\/wp-content\/uploads\/2024\/10\/luis_moreno-scaled-e1733944715355.jpg\",\"contentUrl\":\"https:\/\/globaltaxjustice.org\/wp-content\/uploads\/2024\/10\/luis_moreno-scaled-e1733944715355.jpg\",\"width\":2324,\"height\":1779},{\"@type\":\"BreadcrumbList\",\"@id\":\"https:\/\/globaltaxjustice.org\/es\/noticias\/gatj-chair-luis-moreno-top-50-tax-leader\/#breadcrumb\",\"itemListElement\":[{\"@type\":\"ListItem\",\"position\":1,\"name\":\"Home\",\"item\":\"https:\/\/globaltaxjustice.org\/es\/\"},{\"@type\":\"ListItem\",\"position\":2,\"name\":\"News\",\"item\":\"https:\/\/globaltaxjustice.org\/es\/noticias\/\"},{\"@type\":\"ListItem\",\"position\":3,\"name\":\"Presidente de GATJ, Luis Moreno, reconocido como uno de los 50 m\u00e1s influyentes en fiscalidad\"}]},{\"@type\":\"WebSite\",\"@id\":\"https:\/\/globaltaxjustice.org\/es\/#website\",\"url\":\"https:\/\/globaltaxjustice.org\/es\/\",\"name\":\"Global Tax Justice\",\"description\":\"Just another WordPress site\",\"publisher\":{\"@id\":\"https:\/\/globaltaxjustice.org\/es\/#organization\"},\"potentialAction\":[{\"@type\":\"SearchAction\",\"target\":{\"@type\":\"EntryPoint\",\"urlTemplate\":\"https:\/\/globaltaxjustice.org\/es\/?s={search_term_string}\"},\"query-input\":{\"@type\":\"PropertyValueSpecification\",\"valueRequired\":true,\"valueName\":\"search_term_string\"}}],\"inLanguage\":\"es\"},{\"@type\":\"Organization\",\"@id\":\"https:\/\/globaltaxjustice.org\/es\/#organization\",\"name\":\"Global Tax Justice\",\"url\":\"https:\/\/globaltaxjustice.org\/es\/\",\"logo\":{\"@type\":\"ImageObject\",\"inLanguage\":\"es\",\"@id\":\"https:\/\/globaltaxjustice.org\/es\/#\/schema\/logo\/image\/\",\"url\":\"https:\/\/globaltaxjustice.org\/wp-content\/uploads\/2024\/10\/logo_header.svg\",\"contentUrl\":\"https:\/\/globaltaxjustice.org\/wp-content\/uploads\/2024\/10\/logo_header.svg\",\"width\":229,\"height\":40,\"caption\":\"Global Tax Justice\"},\"image\":{\"@id\":\"https:\/\/globaltaxjustice.org\/es\/#\/schema\/logo\/image\/\"}}]}<\/script>\n<!-- \/ Yoast SEO plugin. -->","yoast_head_json":{"title":"Presidente de GATJ, Luis Moreno, reconocido como uno de los 50 m\u00e1s influyentes en fiscalidad - Global Tax Justice","robots":{"index":"index","follow":"follow","max-snippet":"max-snippet:-1","max-image-preview":"max-image-preview:large","max-video-preview":"max-video-preview:-1"},"canonical":"https:\/\/globaltaxjustice.org\/es\/noticias\/gatj-chair-luis-moreno-top-50-tax-leader\/","og_locale":"es_ES","og_type":"article","og_title":"Presidente de GATJ, Luis Moreno, reconocido como uno de los 50 m\u00e1s influyentes en fiscalidad - Global Tax Justice","og_description":"News and activities from GATJ\u2019s members from 16 to 23 June","og_url":"https:\/\/globaltaxjustice.org\/es\/noticias\/gatj-chair-luis-moreno-top-50-tax-leader\/","og_site_name":"Global Tax Justice","article_modified_time":"2024-12-11T20:53:55+00:00","og_image":[{"width":2324,"height":1779,"url":"https:\/\/globaltaxjustice.org\/wp-content\/uploads\/2024\/10\/luis_moreno-scaled-e1733944715355.jpg","type":"image\/jpeg"}],"twitter_card":"summary_large_image","twitter_misc":{"Est. reading time":"2 minutos"},"schema":{"@context":"https:\/\/schema.org","@graph":[{"@type":"WebPage","@id":"https:\/\/globaltaxjustice.org\/es\/noticias\/gatj-chair-luis-moreno-top-50-tax-leader\/","url":"https:\/\/globaltaxjustice.org\/es\/noticias\/gatj-chair-luis-moreno-top-50-tax-leader\/","name":"Presidente de GATJ, Luis Moreno, reconocido como uno de los 50 m\u00e1s influyentes en fiscalidad - Global Tax Justice","isPartOf":{"@id":"https:\/\/globaltaxjustice.org\/es\/#website"},"primaryImageOfPage":{"@id":"https:\/\/globaltaxjustice.org\/es\/noticias\/gatj-chair-luis-moreno-top-50-tax-leader\/#primaryimage"},"image":{"@id":"https:\/\/globaltaxjustice.org\/es\/noticias\/gatj-chair-luis-moreno-top-50-tax-leader\/#primaryimage"},"thumbnailUrl":"https:\/\/globaltaxjustice.org\/wp-content\/uploads\/2024\/10\/luis_moreno-scaled-e1733944715355.jpg","datePublished":"2024-12-11T20:11:42+00:00","dateModified":"2024-12-11T20:53:55+00:00","breadcrumb":{"@id":"https:\/\/globaltaxjustice.org\/es\/noticias\/gatj-chair-luis-moreno-top-50-tax-leader\/#breadcrumb"},"inLanguage":"es","potentialAction":[{"@type":"ReadAction","target":["https:\/\/globaltaxjustice.org\/es\/noticias\/gatj-chair-luis-moreno-top-50-tax-leader\/"]}]},{"@type":"ImageObject","inLanguage":"es","@id":"https:\/\/globaltaxjustice.org\/es\/noticias\/gatj-chair-luis-moreno-top-50-tax-leader\/#primaryimage","url":"https:\/\/globaltaxjustice.org\/wp-content\/uploads\/2024\/10\/luis_moreno-scaled-e1733944715355.jpg","contentUrl":"https:\/\/globaltaxjustice.org\/wp-content\/uploads\/2024\/10\/luis_moreno-scaled-e1733944715355.jpg","width":2324,"height":1779},{"@type":"BreadcrumbList","@id":"https:\/\/globaltaxjustice.org\/es\/noticias\/gatj-chair-luis-moreno-top-50-tax-leader\/#breadcrumb","itemListElement":[{"@type":"ListItem","position":1,"name":"Home","item":"https:\/\/globaltaxjustice.org\/es\/"},{"@type":"ListItem","position":2,"name":"News","item":"https:\/\/globaltaxjustice.org\/es\/noticias\/"},{"@type":"ListItem","position":3,"name":"Presidente de GATJ, Luis Moreno, reconocido como uno de los 50 m\u00e1s influyentes en fiscalidad"}]},{"@type":"WebSite","@id":"https:\/\/globaltaxjustice.org\/es\/#website","url":"https:\/\/globaltaxjustice.org\/es\/","name":"Global Tax Justice","description":"Just another WordPress site","publisher":{"@id":"https:\/\/globaltaxjustice.org\/es\/#organization"},"potentialAction":[{"@type":"SearchAction","target":{"@type":"EntryPoint","urlTemplate":"https:\/\/globaltaxjustice.org\/es\/?s={search_term_string}"},"query-input":{"@type":"PropertyValueSpecification","valueRequired":true,"valueName":"search_term_string"}}],"inLanguage":"es"},{"@type":"Organization","@id":"https:\/\/globaltaxjustice.org\/es\/#organization","name":"Global Tax Justice","url":"https:\/\/globaltaxjustice.org\/es\/","logo":{"@type":"ImageObject","inLanguage":"es","@id":"https:\/\/globaltaxjustice.org\/es\/#\/schema\/logo\/image\/","url":"https:\/\/globaltaxjustice.org\/wp-content\/uploads\/2024\/10\/logo_header.svg","contentUrl":"https:\/\/globaltaxjustice.org\/wp-content\/uploads\/2024\/10\/logo_header.svg","width":229,"height":40,"caption":"Global Tax Justice"},"image":{"@id":"https:\/\/globaltaxjustice.org\/es\/#\/schema\/logo\/image\/"}}]}},"_links":{"self":[{"href":"https:\/\/globaltaxjustice.org\/es\/wp-json\/wp\/v2\/news\/14957","targetHints":{"allow":["GET"]}}],"collection":[{"href":"https:\/\/globaltaxjustice.org\/es\/wp-json\/wp\/v2\/news"}],"about":[{"href":"https:\/\/globaltaxjustice.org\/es\/wp-json\/wp\/v2\/types\/news"}],"version-history":[{"count":0,"href":"https:\/\/globaltaxjustice.org\/es\/wp-json\/wp\/v2\/news\/14957\/revisions"}],"wp:featuredmedia":[{"embeddable":true,"href":"https:\/\/globaltaxjustice.org\/es\/wp-json\/wp\/v2\/media\/14643"}],"wp:attachment":[{"href":"https:\/\/globaltaxjustice.org\/es\/wp-json\/wp\/v2\/media?parent=14957"}],"wp:term":[{"taxonomy":"thematic-area","embeddable":true,"href":"https:\/\/globaltaxjustice.org\/es\/wp-json\/wp\/v2\/thematic-area?post=14957"},{"taxonomy":"year","embeddable":true,"href":"https:\/\/globaltaxjustice.org\/es\/wp-json\/wp\/v2\/year?post=14957"},{"taxonomy":"resource-type","embeddable":true,"href":"https:\/\/globaltaxjustice.org\/es\/wp-json\/wp\/v2\/resource-type?post=14957"}],"curies":[{"name":"wp","href":"https:\/\/api.w.org\/{rel}","templated":true}]}}