{"id":15703,"date":"2025-06-27T17:03:45","date_gmt":"2025-06-27T17:03:45","guid":{"rendered":"https:\/\/globaltaxjustice.org\/news\/from-monterrey-to-sevilla\/"},"modified":"2025-06-27T21:43:27","modified_gmt":"2025-06-27T21:43:27","slug":"de-monterrey-a-sevilla","status":"publish","type":"news","link":"https:\/\/globaltaxjustice.org\/es\/noticias\/de-monterrey-a-sevilla\/","title":{"rendered":"De Monterrey a Sevilla: La tributaci\u00f3n internacional en los altibajos de las Conferencias Internacionales sobre Financiamiento para el Desarrollo"},"content":{"rendered":"\n<p>Del 30 de junio al 3 de julio, pa\u00edses y partes interesadas se reunir\u00e1n en Sevilla, Espa\u00f1a, para la 4\u00aa Conferencia Internacional sobre Financiamiento para el Desarrollo (FfD4). La movilizaci\u00f3n de recursos p\u00fablicos internos, particularmente a trav\u00e9s de la tributaci\u00f3n, ha sido un pilar fundamental del proceso de FfD.<\/p>\n\n\n\n<p>La \u00faltima publicaci\u00f3n de GATJ, <em>De Monterrey a Sevilla: La tributaci\u00f3n internacional en los altibajos de las Conferencias Internacionales sobre Financiamiento para el Desarrollo<\/em>, traza la evoluci\u00f3n del proceso de FfD, desde la primera conferencia en Monterrey en 2002 (FfD1) hasta la actual FfD4 en Sevilla, as\u00ed como los or\u00edgenes del llamado a un Convenio Marco de la ONU sobre Cooperaci\u00f3n Fiscal Internacional (Convenio Fiscal de la ONU).<\/p>\n\n\n\n<p>El proceso de FfD ha jugado un papel crucial en poner la movilizaci\u00f3n de recursos internos y los desaf\u00edos estructurales m\u00e1s amplios de la cooperaci\u00f3n fiscal internacional en la agenda internacional. Ahora, se est\u00e1 gestando un cambio hist\u00f3rico. Un mes despu\u00e9s de la conclusi\u00f3n de la FfD4, los pa\u00edses se reunir\u00e1n en la ONU en Nueva York para comenzar a negociar un Convenio Fiscal de la ONU, junto con dos protocolos iniciales.<\/p>\n\n\n\n<p><em>De Monterrey a Sevilla<\/em> destaca lo que se ha logrado y lo que est\u00e1 en juego: una oportunidad para construir un sistema fiscal internacional que apoye a todos los pa\u00edses, especialmente a los del Sur Global, para que puedan acceder a su propia base tributaria y movilizar los recursos urgentemente necesarios para los servicios p\u00fablicos, el desarrollo, la igualdad de g\u00e9nero, los derechos humanos y la acci\u00f3n clim\u00e1tica.<\/p>\n\n\n\n<div data-wp-interactive=\"core\/file\" class=\"wp-block-file\"><object data-wp-bind--hidden=\"!state.hasPdfPreview\" hidden class=\"wp-block-file__embed\" data=\"https:\/\/globaltaxjustice.org\/wp-content\/uploads\/2025\/06\/De-Monterrey-a-Sevilla-2.pdf\" type=\"application\/pdf\" style=\"width:100%;height:600px\" aria-label=\"Incrustado de De Monterrey a Sevilla.\"><\/object><a id=\"wp-block-file--media-78d73a52-0784-49da-b323-a97f8e807dd4\" href=\"https:\/\/globaltaxjustice.org\/wp-content\/uploads\/2025\/06\/De-Monterrey-a-Sevilla-2.pdf\">De Monterrey a Sevilla<\/a><a href=\"https:\/\/globaltaxjustice.org\/wp-content\/uploads\/2025\/06\/De-Monterrey-a-Sevilla-2.pdf\" class=\"wp-block-file__button wp-element-button\" download aria-describedby=\"wp-block-file--media-78d73a52-0784-49da-b323-a97f8e807dd4\">Download<\/a><\/div>\n\n\n\n<p><strong>Contacto:<\/strong><br>Para m\u00e1s informaci\u00f3n, por favor contacte a la Coordinadora Global de Comunicaciones de GATJ, Alexandra Wenzel, <a>alexandra@globaltaxjustice.org<\/a>.<\/p>\n","protected":false},"excerpt":{"rendered":"<p>La \u00faltima publicaci\u00f3n de GATJ que traza el proceso de financiamiento para el desarrollo y c\u00f3mo ha llevado a las negociaciones actuales para un Convenio Fiscal de la ONU.<\/p>\n","protected":false},"featured_media":15673,"template":"","thematic-area":[142],"year":[195],"resource-type":[183],"class_list":["post-15703","news","type-news","status-publish","has-post-thumbnail","hentry","thematic-area-institucional","year-2025-es","resource-type-eventos"],"acf":[],"yoast_head":"<!-- This site is optimized with the Yoast SEO plugin v27.2 - https:\/\/yoast.com\/product\/yoast-seo-wordpress\/ -->\n<title>De Monterrey a Sevilla: La tributaci\u00f3n internacional en los altibajos de las Conferencias Internacionales sobre Financiamiento para el Desarrollo - Global Tax Justice<\/title>\n<meta name=\"description\" content=\"La \u00faltima publicaci\u00f3n de GATJ que traza el proceso de financiamiento para el desarrollo y c\u00f3mo ha llevado a las negociaciones actuales para un Convenio Fiscal de la ONU.\" \/>\n<meta name=\"robots\" content=\"index, follow, max-snippet:-1, max-image-preview:large, max-video-preview:-1\" \/>\n<link rel=\"canonical\" href=\"https:\/\/globaltaxjustice.org\/es\/noticias\/de-monterrey-a-sevilla\/\" \/>\n<meta property=\"og:locale\" content=\"es_ES\" \/>\n<meta property=\"og:type\" content=\"article\" \/>\n<meta property=\"og:title\" content=\"De Monterrey a Sevilla: La tributaci\u00f3n internacional en los altibajos de las Conferencias Internacionales sobre Financiamiento para el Desarrollo - Global Tax Justice\" \/>\n<meta property=\"og:description\" content=\"La \u00faltima publicaci\u00f3n de GATJ que traza el proceso de financiamiento para el desarrollo y c\u00f3mo ha llevado a las negociaciones actuales para un Convenio Fiscal de la ONU.\" \/>\n<meta property=\"og:url\" content=\"https:\/\/globaltaxjustice.org\/es\/noticias\/de-monterrey-a-sevilla\/\" \/>\n<meta property=\"og:site_name\" content=\"Global Tax Justice\" \/>\n<meta property=\"article:modified_time\" content=\"2025-06-27T21:43:27+00:00\" \/>\n<meta property=\"og:image\" content=\"https:\/\/globaltaxjustice.org\/wp-content\/uploads\/2025\/06\/joan-oger-PWrNP4bQHB4-unsplash-scaled.jpg\" \/>\n\t<meta property=\"og:image:width\" content=\"2560\" \/>\n\t<meta property=\"og:image:height\" content=\"1707\" \/>\n\t<meta property=\"og:image:type\" content=\"image\/jpeg\" \/>\n<meta name=\"twitter:card\" content=\"summary_large_image\" \/>\n<meta name=\"twitter:label1\" content=\"Est. reading time\" \/>\n\t<meta name=\"twitter:data1\" content=\"2 minutos\" \/>\n<script type=\"application\/ld+json\" class=\"yoast-schema-graph\">{\"@context\":\"https:\/\/schema.org\",\"@graph\":[{\"@type\":\"WebPage\",\"@id\":\"https:\/\/globaltaxjustice.org\/es\/noticias\/de-monterrey-a-sevilla\/\",\"url\":\"https:\/\/globaltaxjustice.org\/es\/noticias\/de-monterrey-a-sevilla\/\",\"name\":\"De Monterrey a Sevilla: La tributaci\u00f3n internacional en los altibajos de las Conferencias Internacionales sobre Financiamiento para el Desarrollo - Global Tax Justice\",\"isPartOf\":{\"@id\":\"https:\/\/globaltaxjustice.org\/es\/#website\"},\"primaryImageOfPage\":{\"@id\":\"https:\/\/globaltaxjustice.org\/es\/noticias\/de-monterrey-a-sevilla\/#primaryimage\"},\"image\":{\"@id\":\"https:\/\/globaltaxjustice.org\/es\/noticias\/de-monterrey-a-sevilla\/#primaryimage\"},\"thumbnailUrl\":\"https:\/\/globaltaxjustice.org\/wp-content\/uploads\/2025\/06\/joan-oger-PWrNP4bQHB4-unsplash-scaled.jpg\",\"datePublished\":\"2025-06-27T17:03:45+00:00\",\"dateModified\":\"2025-06-27T21:43:27+00:00\",\"description\":\"La \u00faltima publicaci\u00f3n de GATJ que traza el proceso de financiamiento para el desarrollo y c\u00f3mo ha llevado a las negociaciones actuales para un Convenio Fiscal de la ONU.\",\"breadcrumb\":{\"@id\":\"https:\/\/globaltaxjustice.org\/es\/noticias\/de-monterrey-a-sevilla\/#breadcrumb\"},\"inLanguage\":\"es\",\"potentialAction\":[{\"@type\":\"ReadAction\",\"target\":[\"https:\/\/globaltaxjustice.org\/es\/noticias\/de-monterrey-a-sevilla\/\"]}]},{\"@type\":\"ImageObject\",\"inLanguage\":\"es\",\"@id\":\"https:\/\/globaltaxjustice.org\/es\/noticias\/de-monterrey-a-sevilla\/#primaryimage\",\"url\":\"https:\/\/globaltaxjustice.org\/wp-content\/uploads\/2025\/06\/joan-oger-PWrNP4bQHB4-unsplash-scaled.jpg\",\"contentUrl\":\"https:\/\/globaltaxjustice.org\/wp-content\/uploads\/2025\/06\/joan-oger-PWrNP4bQHB4-unsplash-scaled.jpg\",\"width\":2560,\"height\":1707},{\"@type\":\"BreadcrumbList\",\"@id\":\"https:\/\/globaltaxjustice.org\/es\/noticias\/de-monterrey-a-sevilla\/#breadcrumb\",\"itemListElement\":[{\"@type\":\"ListItem\",\"position\":1,\"name\":\"Home\",\"item\":\"https:\/\/globaltaxjustice.org\/es\/\"},{\"@type\":\"ListItem\",\"position\":2,\"name\":\"News\",\"item\":\"https:\/\/globaltaxjustice.org\/es\/noticias\/\"},{\"@type\":\"ListItem\",\"position\":3,\"name\":\"De Monterrey a Sevilla: La tributaci\u00f3n internacional en los altibajos de las Conferencias Internacionales sobre Financiamiento para el Desarrollo\"}]},{\"@type\":\"WebSite\",\"@id\":\"https:\/\/globaltaxjustice.org\/es\/#website\",\"url\":\"https:\/\/globaltaxjustice.org\/es\/\",\"name\":\"Global Tax Justice\",\"description\":\"Just another WordPress site\",\"publisher\":{\"@id\":\"https:\/\/globaltaxjustice.org\/es\/#organization\"},\"potentialAction\":[{\"@type\":\"SearchAction\",\"target\":{\"@type\":\"EntryPoint\",\"urlTemplate\":\"https:\/\/globaltaxjustice.org\/es\/?s={search_term_string}\"},\"query-input\":{\"@type\":\"PropertyValueSpecification\",\"valueRequired\":true,\"valueName\":\"search_term_string\"}}],\"inLanguage\":\"es\"},{\"@type\":\"Organization\",\"@id\":\"https:\/\/globaltaxjustice.org\/es\/#organization\",\"name\":\"Global Tax Justice\",\"url\":\"https:\/\/globaltaxjustice.org\/es\/\",\"logo\":{\"@type\":\"ImageObject\",\"inLanguage\":\"es\",\"@id\":\"https:\/\/globaltaxjustice.org\/es\/#\/schema\/logo\/image\/\",\"url\":\"https:\/\/globaltaxjustice.org\/wp-content\/uploads\/2024\/10\/logo_header.svg\",\"contentUrl\":\"https:\/\/globaltaxjustice.org\/wp-content\/uploads\/2024\/10\/logo_header.svg\",\"width\":229,\"height\":40,\"caption\":\"Global Tax Justice\"},\"image\":{\"@id\":\"https:\/\/globaltaxjustice.org\/es\/#\/schema\/logo\/image\/\"}}]}<\/script>\n<!-- \/ Yoast SEO plugin. -->","yoast_head_json":{"title":"De Monterrey a Sevilla: La tributaci\u00f3n internacional en los altibajos de las Conferencias Internacionales sobre Financiamiento para el Desarrollo - Global Tax Justice","description":"La \u00faltima publicaci\u00f3n de GATJ que traza el proceso de financiamiento para el desarrollo y c\u00f3mo ha llevado a las negociaciones actuales para un Convenio Fiscal de la ONU.","robots":{"index":"index","follow":"follow","max-snippet":"max-snippet:-1","max-image-preview":"max-image-preview:large","max-video-preview":"max-video-preview:-1"},"canonical":"https:\/\/globaltaxjustice.org\/es\/noticias\/de-monterrey-a-sevilla\/","og_locale":"es_ES","og_type":"article","og_title":"De Monterrey a Sevilla: La tributaci\u00f3n internacional en los altibajos de las Conferencias Internacionales sobre Financiamiento para el Desarrollo - Global Tax Justice","og_description":"La \u00faltima publicaci\u00f3n de GATJ que traza el proceso de financiamiento para el desarrollo y c\u00f3mo ha llevado a las negociaciones actuales para un Convenio Fiscal de la ONU.","og_url":"https:\/\/globaltaxjustice.org\/es\/noticias\/de-monterrey-a-sevilla\/","og_site_name":"Global Tax Justice","article_modified_time":"2025-06-27T21:43:27+00:00","og_image":[{"width":2560,"height":1707,"url":"https:\/\/globaltaxjustice.org\/wp-content\/uploads\/2025\/06\/joan-oger-PWrNP4bQHB4-unsplash-scaled.jpg","type":"image\/jpeg"}],"twitter_card":"summary_large_image","twitter_misc":{"Est. reading time":"2 minutos"},"schema":{"@context":"https:\/\/schema.org","@graph":[{"@type":"WebPage","@id":"https:\/\/globaltaxjustice.org\/es\/noticias\/de-monterrey-a-sevilla\/","url":"https:\/\/globaltaxjustice.org\/es\/noticias\/de-monterrey-a-sevilla\/","name":"De Monterrey a Sevilla: La tributaci\u00f3n internacional en los altibajos de las Conferencias Internacionales sobre Financiamiento para el Desarrollo - Global Tax Justice","isPartOf":{"@id":"https:\/\/globaltaxjustice.org\/es\/#website"},"primaryImageOfPage":{"@id":"https:\/\/globaltaxjustice.org\/es\/noticias\/de-monterrey-a-sevilla\/#primaryimage"},"image":{"@id":"https:\/\/globaltaxjustice.org\/es\/noticias\/de-monterrey-a-sevilla\/#primaryimage"},"thumbnailUrl":"https:\/\/globaltaxjustice.org\/wp-content\/uploads\/2025\/06\/joan-oger-PWrNP4bQHB4-unsplash-scaled.jpg","datePublished":"2025-06-27T17:03:45+00:00","dateModified":"2025-06-27T21:43:27+00:00","description":"La \u00faltima publicaci\u00f3n de GATJ que traza el proceso de financiamiento para el desarrollo y c\u00f3mo ha llevado a las negociaciones actuales para un Convenio Fiscal de la ONU.","breadcrumb":{"@id":"https:\/\/globaltaxjustice.org\/es\/noticias\/de-monterrey-a-sevilla\/#breadcrumb"},"inLanguage":"es","potentialAction":[{"@type":"ReadAction","target":["https:\/\/globaltaxjustice.org\/es\/noticias\/de-monterrey-a-sevilla\/"]}]},{"@type":"ImageObject","inLanguage":"es","@id":"https:\/\/globaltaxjustice.org\/es\/noticias\/de-monterrey-a-sevilla\/#primaryimage","url":"https:\/\/globaltaxjustice.org\/wp-content\/uploads\/2025\/06\/joan-oger-PWrNP4bQHB4-unsplash-scaled.jpg","contentUrl":"https:\/\/globaltaxjustice.org\/wp-content\/uploads\/2025\/06\/joan-oger-PWrNP4bQHB4-unsplash-scaled.jpg","width":2560,"height":1707},{"@type":"BreadcrumbList","@id":"https:\/\/globaltaxjustice.org\/es\/noticias\/de-monterrey-a-sevilla\/#breadcrumb","itemListElement":[{"@type":"ListItem","position":1,"name":"Home","item":"https:\/\/globaltaxjustice.org\/es\/"},{"@type":"ListItem","position":2,"name":"News","item":"https:\/\/globaltaxjustice.org\/es\/noticias\/"},{"@type":"ListItem","position":3,"name":"De Monterrey a Sevilla: La tributaci\u00f3n internacional en los altibajos de las Conferencias Internacionales sobre Financiamiento para el Desarrollo"}]},{"@type":"WebSite","@id":"https:\/\/globaltaxjustice.org\/es\/#website","url":"https:\/\/globaltaxjustice.org\/es\/","name":"Global Tax Justice","description":"Just another WordPress site","publisher":{"@id":"https:\/\/globaltaxjustice.org\/es\/#organization"},"potentialAction":[{"@type":"SearchAction","target":{"@type":"EntryPoint","urlTemplate":"https:\/\/globaltaxjustice.org\/es\/?s={search_term_string}"},"query-input":{"@type":"PropertyValueSpecification","valueRequired":true,"valueName":"search_term_string"}}],"inLanguage":"es"},{"@type":"Organization","@id":"https:\/\/globaltaxjustice.org\/es\/#organization","name":"Global Tax Justice","url":"https:\/\/globaltaxjustice.org\/es\/","logo":{"@type":"ImageObject","inLanguage":"es","@id":"https:\/\/globaltaxjustice.org\/es\/#\/schema\/logo\/image\/","url":"https:\/\/globaltaxjustice.org\/wp-content\/uploads\/2024\/10\/logo_header.svg","contentUrl":"https:\/\/globaltaxjustice.org\/wp-content\/uploads\/2024\/10\/logo_header.svg","width":229,"height":40,"caption":"Global Tax Justice"},"image":{"@id":"https:\/\/globaltaxjustice.org\/es\/#\/schema\/logo\/image\/"}}]}},"_links":{"self":[{"href":"https:\/\/globaltaxjustice.org\/es\/wp-json\/wp\/v2\/news\/15703","targetHints":{"allow":["GET"]}}],"collection":[{"href":"https:\/\/globaltaxjustice.org\/es\/wp-json\/wp\/v2\/news"}],"about":[{"href":"https:\/\/globaltaxjustice.org\/es\/wp-json\/wp\/v2\/types\/news"}],"version-history":[{"count":0,"href":"https:\/\/globaltaxjustice.org\/es\/wp-json\/wp\/v2\/news\/15703\/revisions"}],"wp:featuredmedia":[{"embeddable":true,"href":"https:\/\/globaltaxjustice.org\/es\/wp-json\/wp\/v2\/media\/15673"}],"wp:attachment":[{"href":"https:\/\/globaltaxjustice.org\/es\/wp-json\/wp\/v2\/media?parent=15703"}],"wp:term":[{"taxonomy":"thematic-area","embeddable":true,"href":"https:\/\/globaltaxjustice.org\/es\/wp-json\/wp\/v2\/thematic-area?post=15703"},{"taxonomy":"year","embeddable":true,"href":"https:\/\/globaltaxjustice.org\/es\/wp-json\/wp\/v2\/year?post=15703"},{"taxonomy":"resource-type","embeddable":true,"href":"https:\/\/globaltaxjustice.org\/es\/wp-json\/wp\/v2\/resource-type?post=15703"}],"curies":[{"name":"wp","href":"https:\/\/api.w.org\/{rel}","templated":true}]}}