{"id":15871,"date":"2025-08-12T16:19:00","date_gmt":"2025-08-12T16:19:00","guid":{"rendered":"https:\/\/globaltaxjustice.org\/news\/stocktaking-the-un-tax-convention-negotiations\/"},"modified":"2025-08-13T04:27:58","modified_gmt":"2025-08-13T04:27:58","slug":"stocktaking-the-un-tax-convention-negotiations","status":"publish","type":"news","link":"https:\/\/globaltaxjustice.org\/es\/noticias\/stocktaking-the-un-tax-convention-negotiations\/","title":{"rendered":"Balance de las negociaciones de la Convenci\u00f3n Fiscal de la ONU"},"content":{"rendered":"\n<p class=\"has-text-align-center\"><em>Perspectivas de la sociedad civil sobre el estado de situaci\u00f3n y pr\u00f3ximos pasos<\/em><\/p>\n\n\n\n<p><em>\u201cLa arquitectura fiscal global mantiene elevados niveles de opacidad y eso reduce la capacidad de los gobiernos, particularmente en el Sur Global, de cobrar los impuestos y, por lo tanto, limitando la capacidad de los pa\u00edses para financiar servicios p\u00fablicos esenciales como educaci\u00f3n, salud e infraestructura\u00bb,<\/em> advirti\u00f3 Luis Moreno, presidente de la Alianza Global por la Justicia Fiscal (GATJ, por sus siglas en ingl\u00e9s), durante un evento paralelo organizado por la sociedad civil en la sede de la Organizaci\u00f3n de las Naciones Unidas en Nueva York.<\/p>\n\n\n\n<p>Delegaciones de los pa\u00edses miembro de la ONU, representantes de organizaciones de la sociedad civil y otros actores se encuentran negociando desde comienzos de agosto aspectos centrales de la Convenci\u00f3n Marco de las Naciones Unidas sobre Cooperaci\u00f3n Tributaria Internacional (Convenci\u00f3n Fiscal de la ONU). La sociedad civil, a trav\u00e9s de la GATJ y el Mecanismo de la Sociedad Civil para el Financiamiento para el Desarrollo, organiz\u00f3 un evento paralelo durante las negociaciones para reunir a representantes de distintos pa\u00edses y actores clave.&nbsp;<\/p>\n\n\n\n<p>Las negociaciones de la Convenci\u00f3n Fiscal de la ONU representan una oportunidad hist\u00f3rica: hasta mediados de 2027, los Estados negociar\u00e1n un acuerdo legalmente vinculante sobre cooperaci\u00f3n tributaria internacional. Es la primera vez en que todos los pa\u00edses pueden tienen la oportunidad de participar en igualdad de condiciones para elaborar reglas fiscales globales..<\/p>\n\n\n\n<p>Una convenci\u00f3n fiscal global de la ONU es necesaria para reescribir las reglas tributarias internacionales. Las normas actuales no abordan los abusos fiscales generalizados de las multinacionales y las \u00e9lites econ\u00f3micas, impidiendo a los pa\u00edses recaudar ingresos suficientes y profundizando las desigualdades, tanto internas como entre pa\u00edses. <em>\u00abLa Convenci\u00f3n Fiscal de la ONU cumple un papel crucial al dise\u00f1ar una arquitectura que funcione para todos los pa\u00edses, particularmente para los pa\u00edses en desarrollo, que son los m\u00e1s afectados por el sistema roto actual\u00bb,<\/em> a\u00f1adi\u00f3 Moreno.<\/p>\n\n\n\n<p><strong>El fracaso del sistema de precios de transferencia<\/strong><\/p>\n\n\n\n<figure class=\"wp-block-image size-large is-resized\"><img decoding=\"async\" src=\"https:\/\/globaltaxjustice.org\/wp-content\/uploads\/2025\/08\/group-scaled-e1756247369874.jpeg\" alt=\"\" class=\"wp-image-15862\" style=\"aspect-ratio:16\/9;object-fit:cover;width:593px;height:auto\"\/><\/figure>\n\n\n\n<p>Durante las discusiones de los tres grupos de trabajo abocados a la negociaci\u00f3n de la Convenci\u00f3n Marco, el protocolo sobre tributaci\u00f3n de servicios digitales y el protocolo sobre prevenci\u00f3n y resoluci\u00f3n de controversias, la reforma del sistema de tributaci\u00f3n corporativa ha sido un tema central para la sociedad civil. El sistema vigente, basado en las reglas de precios de transferencia y el principio de plena competencia (<em>arm &#8216;s length principle, <\/em>en ingl\u00e9s) ha promovido pr\u00e1cticas abusivas como el desv\u00edo de beneficios y a una asignaci\u00f3n profundamente injusta de los derechos de imposici\u00f3n.<em>\u00abEstamos aqu\u00ed ante la oportunidad hist\u00f3rica de imaginar un sistema fiscal distinto y m\u00e1s eficaz. El actual sistema de precios de transferencia con el principio de plena competencia no funciona. Necesitamos tributaci\u00f3n unitaria con distribuci\u00f3n proporcional<\/em> (<em>unitary taxation with formulary apportionment<\/em>, en ingl\u00e9s)\u00bb, se\u00f1al\u00f3 Henrique Alencar de Oxfam durante su intervenci\u00f3n.<\/p>\n\n\n\n<p><strong>Fiscalidad para el desarrollo sostenible<\/strong><strong><br><\/strong>El mandato de la Convenci\u00f3n Fiscal de la ONU, plasmado en los T\u00e9rminos de Referencia, establece la creaci\u00f3n de un sistema fiscal para el desarrollo sostenible en todas sus dimensiones: social, econ\u00f3mica y ambiental. La sociedad civil subray\u00f3 la importancia de una tributaci\u00f3n eficaz para avanzar en el desarrollo sostenible, desde la igualdad de g\u00e9nero hasta la protecci\u00f3n ambiental.<\/p>\n\n\n\n<p><em>\u00abLa tributaci\u00f3n, mediante sistemas fiscales progresivos y una cooperaci\u00f3n fiscal internacional inclusiva, es una de las claves para lograr los Objetivos de Desarrollo Sostenible a los que todos nuestros pa\u00edses se han comprometido. Los sistemas progresivos son fundamentales para abordar las desigualdades y est\u00e1n en el centro de la demanda de justicia fiscal y de g\u00e9nero\u00bb,<\/em> afirm\u00f3 Jeannie Manipon, de Tax and Fiscal Justice Asia (TAFJ-A) y miembro de la GATJ.<\/p>\n\n\n\n<p>El <em>Compromiso de Sevilla, <\/em>el documento final de la FfD4, los Estados Miembros expresaron su apoyo a sistemas tributarios con perspectiva de g\u00e9nero, as\u00ed como a la tributaci\u00f3n progresiva. Tambi\u00e9n se subray\u00f3 el v\u00ednculo crucial entre fiscalidad y desarrollo sostenible desde la perspectiva ambiental. Manipon agreg\u00f3: <em>\u00abEl principio de que el contaminador paga debe ser el eje de nuestra labor y nuestra defensa de la justicia fiscal\u00bb.<\/em><\/p>\n\n\n\n<p><em>\u00abTal como lo ha se\u00f1alado el Grupo Africano, necesitamos una tributaci\u00f3n efectiva de la industria extractiva. No es solo un asunto t\u00e9cnico; es un tema de derechos humanos, de justicia clim\u00e1tica y de desarrollo sostenible\u00bb,<\/em> afirm\u00f3 Lutangu Daisy Mwilma, de Norwegian Church Aid. <em>\u00abLa mayor\u00eda de los flujos financieros il\u00edcitos que desangran \u00c1frica provienen del sector extractivo. No es un problema de capacidad: es que el sistema no nos permite gravar de manera efectiva. Necesitamos un sistema que funcione para todos\u00bb.<\/em><\/p>\n\n\n\n<p><strong><strong>Hacia una Convenci\u00f3n Fiscal de la ONU progresiva, efectiva, sostenible, inclusiva y transparente<\/strong><\/strong><\/p>\n\n\n\n<figure class=\"wp-block-image size-large\"><img loading=\"lazy\" decoding=\"async\" width=\"1198\" height=\"898\" src=\"https:\/\/globaltaxjustice.org\/wp-content\/uploads\/2025\/08\/WhatsApp-Image-2025-08-12-at-17.32.36-edited.jpeg\" alt=\"\" class=\"wp-image-15868\" srcset=\"https:\/\/globaltaxjustice.org\/wp-content\/uploads\/2025\/08\/WhatsApp-Image-2025-08-12-at-17.32.36-edited.jpeg 1198w, https:\/\/globaltaxjustice.org\/wp-content\/uploads\/2025\/08\/WhatsApp-Image-2025-08-12-at-17.32.36-edited-300x225.jpeg 300w, https:\/\/globaltaxjustice.org\/wp-content\/uploads\/2025\/08\/WhatsApp-Image-2025-08-12-at-17.32.36-edited-1024x768.jpeg 1024w, https:\/\/globaltaxjustice.org\/wp-content\/uploads\/2025\/08\/WhatsApp-Image-2025-08-12-at-17.32.36-edited-768x576.jpeg 768w, https:\/\/globaltaxjustice.org\/wp-content\/uploads\/2025\/08\/WhatsApp-Image-2025-08-12-at-17.32.36-edited-938x703.jpeg 938w, https:\/\/globaltaxjustice.org\/wp-content\/uploads\/2025\/08\/WhatsApp-Image-2025-08-12-at-17.32.36-edited-1130x847.jpeg 1130w\" sizes=\"auto, (max-width: 1198px) 100vw, 1198px\" \/><\/figure>\n\n\n\n<p>Contar con una Convenci\u00f3n Fiscal de la ONU es hist\u00f3rico porque permite vincular mejor la fiscalidad con los acuerdos adoptados en el marco de las Naciones Unidas. <em>\u00abNecesitamos financiamiento para los servicios p\u00fablicos, el desarrollo, los derechos humanos y la igualdad de g\u00e9nero. La tributaci\u00f3n es una parte central de ello. Esta convenci\u00f3n sobre cooperaci\u00f3n tributaria internacional debe vincularse con los compromisos existentes adoptados aqu\u00ed en la ONU. Necesitamos crear un sistema fiscal coherente mediante una Convenci\u00f3n Marco s\u00f3lida, con futuras decisiones que se adopten en la Conferencia de las Partes\u00bb, <\/em>se\u00f1al\u00f3 Tove Maria Ryding, de la Red Europea sobre Deuda y Desarrollo.<\/p>\n\n\n\n<p>El evento paralelo, que reuni\u00f3 a sociedad civil y delegaciones, destac\u00f3 la importancia de la Convenci\u00f3n Fiscal de la ONU como un tratado profundamente pol\u00edtico y con impactos de gran alcance. En sus palabras de cierre, Jeannie Manipon concluy\u00f3: \u00abHacemos un llamado a nuestras y nuestros negociadores para que entreguen una Convenci\u00f3n Fiscal de la ONU ambiciosa, que pueda convertirse en un instrumento transformador para aprovechar la cooperaci\u00f3n fiscal internacional en beneficio del desarrollo sostenible en todas sus dimensiones, y avanzar hacia el fin de las desigualdades dentro de los pa\u00edses y entre ellos\u00bb.<\/p>\n\n\n\n<p>_<\/p>\n\n\n\n<p>Vea el evento paralelo en UN Web TV <a href=\"https:\/\/webtv.un.org\/en\/asset\/k1p\/k1pklxjic9\">aqu\u00ed<\/a>.<\/p>\n","protected":false},"excerpt":{"rendered":"<p>A civil society side event during the negotiations for a UN Framework Convention on International Tax Cooperation. <\/p>\n","protected":false},"featured_media":15867,"template":"","thematic-area":[136],"year":[195],"resource-type":[183],"class_list":["post-15871","news","type-news","status-publish","has-post-thumbnail","hentry","thematic-area-convencion-fiscal-de-la-onu","year-2025-es","resource-type-eventos"],"acf":[],"yoast_head":"<!-- This site is optimized with the Yoast SEO plugin v27.2 - https:\/\/yoast.com\/product\/yoast-seo-wordpress\/ -->\n<title>Balance de las negociaciones de la Convenci\u00f3n Fiscal de la ONU - Global Tax Justice<\/title>\n<meta name=\"description\" content=\"A side event by civil society during the second session of the UN Tax Convention negotiations, August 11 - 15.\" \/>\n<meta name=\"robots\" content=\"index, follow, max-snippet:-1, max-image-preview:large, max-video-preview:-1\" \/>\n<link rel=\"canonical\" href=\"https:\/\/globaltaxjustice.org\/es\/noticias\/stocktaking-the-un-tax-convention-negotiations\/\" \/>\n<meta property=\"og:locale\" content=\"es_ES\" \/>\n<meta property=\"og:type\" content=\"article\" \/>\n<meta property=\"og:title\" content=\"Balance de las negociaciones de la Convenci\u00f3n Fiscal de la ONU - Global Tax Justice\" \/>\n<meta property=\"og:description\" content=\"A side event by civil society during the second session of the UN Tax Convention negotiations, August 11 - 15.\" \/>\n<meta property=\"og:url\" content=\"https:\/\/globaltaxjustice.org\/es\/noticias\/stocktaking-the-un-tax-convention-negotiations\/\" \/>\n<meta property=\"og:site_name\" content=\"Global Tax Justice\" \/>\n<meta property=\"article:modified_time\" content=\"2025-08-13T04:27:58+00:00\" \/>\n<meta property=\"og:image\" content=\"https:\/\/globaltaxjustice.org\/wp-content\/uploads\/2025\/08\/WhatsApp-Image-2025-08-12-at-17.32.35-e1755059057449.jpeg\" \/>\n\t<meta property=\"og:image:width\" content=\"1200\" \/>\n\t<meta property=\"og:image:height\" content=\"685\" \/>\n\t<meta property=\"og:image:type\" content=\"image\/jpeg\" \/>\n<meta name=\"twitter:card\" content=\"summary_large_image\" \/>\n<meta name=\"twitter:label1\" content=\"Est. reading time\" \/>\n\t<meta name=\"twitter:data1\" content=\"5 minutos\" \/>\n<script type=\"application\/ld+json\" class=\"yoast-schema-graph\">{\"@context\":\"https:\/\/schema.org\",\"@graph\":[{\"@type\":\"WebPage\",\"@id\":\"https:\/\/globaltaxjustice.org\/es\/noticias\/stocktaking-the-un-tax-convention-negotiations\/\",\"url\":\"https:\/\/globaltaxjustice.org\/es\/noticias\/stocktaking-the-un-tax-convention-negotiations\/\",\"name\":\"Balance de las negociaciones de la Convenci\u00f3n Fiscal de la ONU - Global Tax Justice\",\"isPartOf\":{\"@id\":\"https:\/\/globaltaxjustice.org\/es\/#website\"},\"primaryImageOfPage\":{\"@id\":\"https:\/\/globaltaxjustice.org\/es\/noticias\/stocktaking-the-un-tax-convention-negotiations\/#primaryimage\"},\"image\":{\"@id\":\"https:\/\/globaltaxjustice.org\/es\/noticias\/stocktaking-the-un-tax-convention-negotiations\/#primaryimage\"},\"thumbnailUrl\":\"https:\/\/globaltaxjustice.org\/wp-content\/uploads\/2025\/08\/WhatsApp-Image-2025-08-12-at-17.32.35-e1755059057449.jpeg\",\"datePublished\":\"2025-08-12T16:19:00+00:00\",\"dateModified\":\"2025-08-13T04:27:58+00:00\",\"description\":\"A side event by civil society during the second session of the UN Tax Convention negotiations, August 11 - 15.\",\"breadcrumb\":{\"@id\":\"https:\/\/globaltaxjustice.org\/es\/noticias\/stocktaking-the-un-tax-convention-negotiations\/#breadcrumb\"},\"inLanguage\":\"es\",\"potentialAction\":[{\"@type\":\"ReadAction\",\"target\":[\"https:\/\/globaltaxjustice.org\/es\/noticias\/stocktaking-the-un-tax-convention-negotiations\/\"]}]},{\"@type\":\"ImageObject\",\"inLanguage\":\"es\",\"@id\":\"https:\/\/globaltaxjustice.org\/es\/noticias\/stocktaking-the-un-tax-convention-negotiations\/#primaryimage\",\"url\":\"https:\/\/globaltaxjustice.org\/wp-content\/uploads\/2025\/08\/WhatsApp-Image-2025-08-12-at-17.32.35-e1755059057449.jpeg\",\"contentUrl\":\"https:\/\/globaltaxjustice.org\/wp-content\/uploads\/2025\/08\/WhatsApp-Image-2025-08-12-at-17.32.35-e1755059057449.jpeg\",\"width\":1200,\"height\":685},{\"@type\":\"BreadcrumbList\",\"@id\":\"https:\/\/globaltaxjustice.org\/es\/noticias\/stocktaking-the-un-tax-convention-negotiations\/#breadcrumb\",\"itemListElement\":[{\"@type\":\"ListItem\",\"position\":1,\"name\":\"Home\",\"item\":\"https:\/\/globaltaxjustice.org\/es\/\"},{\"@type\":\"ListItem\",\"position\":2,\"name\":\"News\",\"item\":\"https:\/\/globaltaxjustice.org\/es\/noticias\/\"},{\"@type\":\"ListItem\",\"position\":3,\"name\":\"Balance de las negociaciones de la Convenci\u00f3n Fiscal de la ONU\"}]},{\"@type\":\"WebSite\",\"@id\":\"https:\/\/globaltaxjustice.org\/es\/#website\",\"url\":\"https:\/\/globaltaxjustice.org\/es\/\",\"name\":\"Global Tax Justice\",\"description\":\"Just another WordPress site\",\"publisher\":{\"@id\":\"https:\/\/globaltaxjustice.org\/es\/#organization\"},\"potentialAction\":[{\"@type\":\"SearchAction\",\"target\":{\"@type\":\"EntryPoint\",\"urlTemplate\":\"https:\/\/globaltaxjustice.org\/es\/?s={search_term_string}\"},\"query-input\":{\"@type\":\"PropertyValueSpecification\",\"valueRequired\":true,\"valueName\":\"search_term_string\"}}],\"inLanguage\":\"es\"},{\"@type\":\"Organization\",\"@id\":\"https:\/\/globaltaxjustice.org\/es\/#organization\",\"name\":\"Global Tax Justice\",\"url\":\"https:\/\/globaltaxjustice.org\/es\/\",\"logo\":{\"@type\":\"ImageObject\",\"inLanguage\":\"es\",\"@id\":\"https:\/\/globaltaxjustice.org\/es\/#\/schema\/logo\/image\/\",\"url\":\"https:\/\/globaltaxjustice.org\/wp-content\/uploads\/2024\/10\/logo_header.svg\",\"contentUrl\":\"https:\/\/globaltaxjustice.org\/wp-content\/uploads\/2024\/10\/logo_header.svg\",\"width\":229,\"height\":40,\"caption\":\"Global Tax Justice\"},\"image\":{\"@id\":\"https:\/\/globaltaxjustice.org\/es\/#\/schema\/logo\/image\/\"}}]}<\/script>\n<!-- \/ Yoast SEO plugin. -->","yoast_head_json":{"title":"Balance de las negociaciones de la Convenci\u00f3n Fiscal de la ONU - Global Tax Justice","description":"A side event by civil society during the second session of the UN Tax Convention negotiations, August 11 - 15.","robots":{"index":"index","follow":"follow","max-snippet":"max-snippet:-1","max-image-preview":"max-image-preview:large","max-video-preview":"max-video-preview:-1"},"canonical":"https:\/\/globaltaxjustice.org\/es\/noticias\/stocktaking-the-un-tax-convention-negotiations\/","og_locale":"es_ES","og_type":"article","og_title":"Balance de las negociaciones de la Convenci\u00f3n Fiscal de la ONU - Global Tax Justice","og_description":"A side event by civil society during the second session of the UN Tax Convention negotiations, August 11 - 15.","og_url":"https:\/\/globaltaxjustice.org\/es\/noticias\/stocktaking-the-un-tax-convention-negotiations\/","og_site_name":"Global Tax Justice","article_modified_time":"2025-08-13T04:27:58+00:00","og_image":[{"width":1200,"height":685,"url":"https:\/\/globaltaxjustice.org\/wp-content\/uploads\/2025\/08\/WhatsApp-Image-2025-08-12-at-17.32.35-e1755059057449.jpeg","type":"image\/jpeg"}],"twitter_card":"summary_large_image","twitter_misc":{"Est. reading time":"5 minutos"},"schema":{"@context":"https:\/\/schema.org","@graph":[{"@type":"WebPage","@id":"https:\/\/globaltaxjustice.org\/es\/noticias\/stocktaking-the-un-tax-convention-negotiations\/","url":"https:\/\/globaltaxjustice.org\/es\/noticias\/stocktaking-the-un-tax-convention-negotiations\/","name":"Balance de las negociaciones de la Convenci\u00f3n Fiscal de la ONU - Global Tax Justice","isPartOf":{"@id":"https:\/\/globaltaxjustice.org\/es\/#website"},"primaryImageOfPage":{"@id":"https:\/\/globaltaxjustice.org\/es\/noticias\/stocktaking-the-un-tax-convention-negotiations\/#primaryimage"},"image":{"@id":"https:\/\/globaltaxjustice.org\/es\/noticias\/stocktaking-the-un-tax-convention-negotiations\/#primaryimage"},"thumbnailUrl":"https:\/\/globaltaxjustice.org\/wp-content\/uploads\/2025\/08\/WhatsApp-Image-2025-08-12-at-17.32.35-e1755059057449.jpeg","datePublished":"2025-08-12T16:19:00+00:00","dateModified":"2025-08-13T04:27:58+00:00","description":"A side event by civil society during the second session of the UN Tax Convention negotiations, August 11 - 15.","breadcrumb":{"@id":"https:\/\/globaltaxjustice.org\/es\/noticias\/stocktaking-the-un-tax-convention-negotiations\/#breadcrumb"},"inLanguage":"es","potentialAction":[{"@type":"ReadAction","target":["https:\/\/globaltaxjustice.org\/es\/noticias\/stocktaking-the-un-tax-convention-negotiations\/"]}]},{"@type":"ImageObject","inLanguage":"es","@id":"https:\/\/globaltaxjustice.org\/es\/noticias\/stocktaking-the-un-tax-convention-negotiations\/#primaryimage","url":"https:\/\/globaltaxjustice.org\/wp-content\/uploads\/2025\/08\/WhatsApp-Image-2025-08-12-at-17.32.35-e1755059057449.jpeg","contentUrl":"https:\/\/globaltaxjustice.org\/wp-content\/uploads\/2025\/08\/WhatsApp-Image-2025-08-12-at-17.32.35-e1755059057449.jpeg","width":1200,"height":685},{"@type":"BreadcrumbList","@id":"https:\/\/globaltaxjustice.org\/es\/noticias\/stocktaking-the-un-tax-convention-negotiations\/#breadcrumb","itemListElement":[{"@type":"ListItem","position":1,"name":"Home","item":"https:\/\/globaltaxjustice.org\/es\/"},{"@type":"ListItem","position":2,"name":"News","item":"https:\/\/globaltaxjustice.org\/es\/noticias\/"},{"@type":"ListItem","position":3,"name":"Balance de las negociaciones de la Convenci\u00f3n Fiscal de la ONU"}]},{"@type":"WebSite","@id":"https:\/\/globaltaxjustice.org\/es\/#website","url":"https:\/\/globaltaxjustice.org\/es\/","name":"Global Tax Justice","description":"Just another WordPress site","publisher":{"@id":"https:\/\/globaltaxjustice.org\/es\/#organization"},"potentialAction":[{"@type":"SearchAction","target":{"@type":"EntryPoint","urlTemplate":"https:\/\/globaltaxjustice.org\/es\/?s={search_term_string}"},"query-input":{"@type":"PropertyValueSpecification","valueRequired":true,"valueName":"search_term_string"}}],"inLanguage":"es"},{"@type":"Organization","@id":"https:\/\/globaltaxjustice.org\/es\/#organization","name":"Global Tax Justice","url":"https:\/\/globaltaxjustice.org\/es\/","logo":{"@type":"ImageObject","inLanguage":"es","@id":"https:\/\/globaltaxjustice.org\/es\/#\/schema\/logo\/image\/","url":"https:\/\/globaltaxjustice.org\/wp-content\/uploads\/2024\/10\/logo_header.svg","contentUrl":"https:\/\/globaltaxjustice.org\/wp-content\/uploads\/2024\/10\/logo_header.svg","width":229,"height":40,"caption":"Global Tax Justice"},"image":{"@id":"https:\/\/globaltaxjustice.org\/es\/#\/schema\/logo\/image\/"}}]}},"_links":{"self":[{"href":"https:\/\/globaltaxjustice.org\/es\/wp-json\/wp\/v2\/news\/15871","targetHints":{"allow":["GET"]}}],"collection":[{"href":"https:\/\/globaltaxjustice.org\/es\/wp-json\/wp\/v2\/news"}],"about":[{"href":"https:\/\/globaltaxjustice.org\/es\/wp-json\/wp\/v2\/types\/news"}],"version-history":[{"count":0,"href":"https:\/\/globaltaxjustice.org\/es\/wp-json\/wp\/v2\/news\/15871\/revisions"}],"wp:featuredmedia":[{"embeddable":true,"href":"https:\/\/globaltaxjustice.org\/es\/wp-json\/wp\/v2\/media\/15867"}],"wp:attachment":[{"href":"https:\/\/globaltaxjustice.org\/es\/wp-json\/wp\/v2\/media?parent=15871"}],"wp:term":[{"taxonomy":"thematic-area","embeddable":true,"href":"https:\/\/globaltaxjustice.org\/es\/wp-json\/wp\/v2\/thematic-area?post=15871"},{"taxonomy":"year","embeddable":true,"href":"https:\/\/globaltaxjustice.org\/es\/wp-json\/wp\/v2\/year?post=15871"},{"taxonomy":"resource-type","embeddable":true,"href":"https:\/\/globaltaxjustice.org\/es\/wp-json\/wp\/v2\/resource-type?post=15871"}],"curies":[{"name":"wp","href":"https:\/\/api.w.org\/{rel}","templated":true}]}}