{"id":16258,"date":"2025-12-09T20:10:00","date_gmt":"2025-12-09T20:10:00","guid":{"rendered":"https:\/\/globaltaxjustice.org\/news\/top-50-influencing-tax\/"},"modified":"2025-12-10T12:29:46","modified_gmt":"2025-12-10T12:29:46","slug":"top-50-influencing-tax","status":"publish","type":"news","link":"https:\/\/globaltaxjustice.org\/es\/noticias\/top-50-influencing-tax\/","title":{"rendered":"Miembros de GATJ reconocidos entre las 50 personas m\u00e1s influyentes en materia fiscal"},"content":{"rendered":"\n<p>El presidente de la Alianza Global para la Justicia Fiscal (GATJ), Luis Moreno, fue nombrado por segundo a\u00f1o consecutivo como una de las <a href=\"https:\/\/www.internationaltaxreview.com\/article\/2fo1wcq5lmaajtxhyu2v4\/global-tax-50-2025\">50 personas m\u00e1s influyentes<\/a> a nivel mundial en materia fiscal. Moreno recibi\u00f3 este honor por su labor en la campa\u00f1a por la justicia fiscal en la GATJ.\u00a0<\/p>\n\n\n\n<p>Ian Gary, miembro del Comit\u00e9 de Coordinaci\u00f3n de la GATJ, tambi\u00e9n fue reconocido en esta lista por su labor en la Coalici\u00f3n FACT para reforzar la presentaci\u00f3n de informes p\u00fablicos pa\u00eds por pa\u00eds y otras medidas de transparencia.&nbsp;<\/p>\n\n\n\n<p>La labor de Moreno en la GATJ fue reconocida por unir a una amplia coalici\u00f3n de organizaciones de la sociedad civil y sindicatos en la presentaci\u00f3n de <a href=\"https:\/\/globaltaxjustice.org\/es\/noticias\/dec-5-joint-submission\/\">propuestas conjuntas<\/a> para las negociaciones en curso de la Convenci\u00f3n Marco de las Naciones Unidas sobre Cooperaci\u00f3n Fiscal Internacional. Moreno coment\u00f3: <em>\u00abEste reconocimiento nos pertenece a todos los que formamos parte de la Alianza Global por la Justicia Fiscal, una coalici\u00f3n liderada por el Sur Global que trabaja para garantizar que la justicia fiscal sea el n\u00facleo de nuestras pol\u00edticas p\u00fablicas, de modo que los gobiernos puedan financiar de manera sostenible servicios p\u00fablicos de calidad, cumplir con los derechos humanos, garantizar el desarrollo y promover la igualdad de g\u00e9nero y la acci\u00f3n clim\u00e1tica\u00bb.<\/em><\/p>\n\n\n\n<p>La GATJ tambi\u00e9n fue reconocida por defender una <a href=\"https:\/\/globaltaxjustice.org\/es\/noticias\/algunas-nociones-fundamentales-sobre-la-convencion-fiscal-de-la-onu\/\">asignaci\u00f3n justa de los derechos fiscales<\/a> como piedra angular para la construcci\u00f3n de un sistema fiscal internacional justo y equitativo, una cuesti\u00f3n clave en las negociaciones del Convenio Fiscal de las Naciones Unidas. Moreno concluy\u00f3:<em> \u00abGracias a los continuos esfuerzos de miembros comprometidos de todo el mundo, cerramos el a\u00f1o con este reconocimiento como organizaci\u00f3n l\u00edder en el movimiento por la justicia fiscal y el establecimiento de un Convenio Fiscal de las Naciones Unidas. La lucha contin\u00faa, y esperamos seguir con esta labor en los pr\u00f3ximos a\u00f1os\u00bb.<\/em><\/p>\n","protected":false},"excerpt":{"rendered":"<p>Luis Moreno, Chair of the Global Alliance for Tax Justice, again named one of the 50 most influential people globally on tax.<\/p>\n","protected":false},"featured_media":16252,"template":"","thematic-area":[142,154],"year":[195],"resource-type":[188],"class_list":["post-16258","news","type-news","status-publish","has-post-thumbnail","hentry","thematic-area-institucional","thematic-area-miembros-de-gatj","year-2025-es","resource-type-comunicados-de-prensa"],"acf":[],"yoast_head":"<!-- This site is optimized with the Yoast SEO plugin v27.2 - https:\/\/yoast.com\/product\/yoast-seo-wordpress\/ -->\n<title>Miembros de GATJ reconocidos entre las 50 personas m\u00e1s influyentes en materia fiscal - Global Tax Justice<\/title>\n<meta name=\"description\" content=\"Luis Moreno, Chair of the Global Alliance for Tax Justice, again named one of the 50 most influential people globally on tax.\" \/>\n<meta name=\"robots\" content=\"index, follow, max-snippet:-1, max-image-preview:large, max-video-preview:-1\" \/>\n<link rel=\"canonical\" href=\"https:\/\/globaltaxjustice.org\/es\/noticias\/top-50-influencing-tax\/\" \/>\n<meta property=\"og:locale\" content=\"es_ES\" \/>\n<meta property=\"og:type\" content=\"article\" \/>\n<meta property=\"og:title\" content=\"Miembros de GATJ reconocidos entre las 50 personas m\u00e1s influyentes en materia fiscal - Global Tax Justice\" \/>\n<meta property=\"og:description\" content=\"Luis Moreno, Chair of the Global Alliance for Tax Justice, again named one of the 50 most influential people globally on tax.\" \/>\n<meta property=\"og:url\" content=\"https:\/\/globaltaxjustice.org\/es\/noticias\/top-50-influencing-tax\/\" \/>\n<meta property=\"og:site_name\" content=\"Global Tax Justice\" \/>\n<meta property=\"article:modified_time\" content=\"2025-12-10T12:29:46+00:00\" \/>\n<meta property=\"og:image\" content=\"https:\/\/globaltaxjustice.org\/wp-content\/uploads\/2025\/12\/2025-GATJ-Recap--e1765354327332.png\" \/>\n\t<meta property=\"og:image:width\" content=\"1080\" \/>\n\t<meta property=\"og:image:height\" content=\"1080\" \/>\n\t<meta property=\"og:image:type\" content=\"image\/png\" \/>\n<meta name=\"twitter:card\" content=\"summary_large_image\" \/>\n<meta name=\"twitter:label1\" content=\"Est. reading time\" \/>\n\t<meta name=\"twitter:data1\" content=\"2 minutos\" \/>\n<script type=\"application\/ld+json\" class=\"yoast-schema-graph\">{\"@context\":\"https:\/\/schema.org\",\"@graph\":[{\"@type\":\"WebPage\",\"@id\":\"https:\/\/globaltaxjustice.org\/es\/noticias\/top-50-influencing-tax\/\",\"url\":\"https:\/\/globaltaxjustice.org\/es\/noticias\/top-50-influencing-tax\/\",\"name\":\"Miembros de GATJ reconocidos entre las 50 personas m\u00e1s influyentes en materia fiscal - Global Tax Justice\",\"isPartOf\":{\"@id\":\"https:\/\/globaltaxjustice.org\/es\/#website\"},\"primaryImageOfPage\":{\"@id\":\"https:\/\/globaltaxjustice.org\/es\/noticias\/top-50-influencing-tax\/#primaryimage\"},\"image\":{\"@id\":\"https:\/\/globaltaxjustice.org\/es\/noticias\/top-50-influencing-tax\/#primaryimage\"},\"thumbnailUrl\":\"https:\/\/globaltaxjustice.org\/wp-content\/uploads\/2025\/12\/2025-GATJ-Recap--e1765354327332.png\",\"datePublished\":\"2025-12-09T20:10:00+00:00\",\"dateModified\":\"2025-12-10T12:29:46+00:00\",\"description\":\"Luis Moreno, Chair of the Global Alliance for Tax Justice, again named one of the 50 most influential people globally on tax.\",\"breadcrumb\":{\"@id\":\"https:\/\/globaltaxjustice.org\/es\/noticias\/top-50-influencing-tax\/#breadcrumb\"},\"inLanguage\":\"es\",\"potentialAction\":[{\"@type\":\"ReadAction\",\"target\":[\"https:\/\/globaltaxjustice.org\/es\/noticias\/top-50-influencing-tax\/\"]}]},{\"@type\":\"ImageObject\",\"inLanguage\":\"es\",\"@id\":\"https:\/\/globaltaxjustice.org\/es\/noticias\/top-50-influencing-tax\/#primaryimage\",\"url\":\"https:\/\/globaltaxjustice.org\/wp-content\/uploads\/2025\/12\/2025-GATJ-Recap--e1765354327332.png\",\"contentUrl\":\"https:\/\/globaltaxjustice.org\/wp-content\/uploads\/2025\/12\/2025-GATJ-Recap--e1765354327332.png\",\"width\":1080,\"height\":1080},{\"@type\":\"BreadcrumbList\",\"@id\":\"https:\/\/globaltaxjustice.org\/es\/noticias\/top-50-influencing-tax\/#breadcrumb\",\"itemListElement\":[{\"@type\":\"ListItem\",\"position\":1,\"name\":\"Home\",\"item\":\"https:\/\/globaltaxjustice.org\/es\/\"},{\"@type\":\"ListItem\",\"position\":2,\"name\":\"News\",\"item\":\"https:\/\/globaltaxjustice.org\/es\/noticias\/\"},{\"@type\":\"ListItem\",\"position\":3,\"name\":\"Miembros de GATJ reconocidos entre las 50 personas m\u00e1s influyentes en materia fiscal\"}]},{\"@type\":\"WebSite\",\"@id\":\"https:\/\/globaltaxjustice.org\/es\/#website\",\"url\":\"https:\/\/globaltaxjustice.org\/es\/\",\"name\":\"Global Tax Justice\",\"description\":\"Just another WordPress site\",\"publisher\":{\"@id\":\"https:\/\/globaltaxjustice.org\/es\/#organization\"},\"potentialAction\":[{\"@type\":\"SearchAction\",\"target\":{\"@type\":\"EntryPoint\",\"urlTemplate\":\"https:\/\/globaltaxjustice.org\/es\/?s={search_term_string}\"},\"query-input\":{\"@type\":\"PropertyValueSpecification\",\"valueRequired\":true,\"valueName\":\"search_term_string\"}}],\"inLanguage\":\"es\"},{\"@type\":\"Organization\",\"@id\":\"https:\/\/globaltaxjustice.org\/es\/#organization\",\"name\":\"Global Tax Justice\",\"url\":\"https:\/\/globaltaxjustice.org\/es\/\",\"logo\":{\"@type\":\"ImageObject\",\"inLanguage\":\"es\",\"@id\":\"https:\/\/globaltaxjustice.org\/es\/#\/schema\/logo\/image\/\",\"url\":\"https:\/\/globaltaxjustice.org\/wp-content\/uploads\/2024\/10\/logo_header.svg\",\"contentUrl\":\"https:\/\/globaltaxjustice.org\/wp-content\/uploads\/2024\/10\/logo_header.svg\",\"width\":229,\"height\":40,\"caption\":\"Global Tax Justice\"},\"image\":{\"@id\":\"https:\/\/globaltaxjustice.org\/es\/#\/schema\/logo\/image\/\"}}]}<\/script>\n<!-- \/ Yoast SEO plugin. -->","yoast_head_json":{"title":"Miembros de GATJ reconocidos entre las 50 personas m\u00e1s influyentes en materia fiscal - Global Tax Justice","description":"Luis Moreno, Chair of the Global Alliance for Tax Justice, again named one of the 50 most influential people globally on tax.","robots":{"index":"index","follow":"follow","max-snippet":"max-snippet:-1","max-image-preview":"max-image-preview:large","max-video-preview":"max-video-preview:-1"},"canonical":"https:\/\/globaltaxjustice.org\/es\/noticias\/top-50-influencing-tax\/","og_locale":"es_ES","og_type":"article","og_title":"Miembros de GATJ reconocidos entre las 50 personas m\u00e1s influyentes en materia fiscal - Global Tax Justice","og_description":"Luis Moreno, Chair of the Global Alliance for Tax Justice, again named one of the 50 most influential people globally on tax.","og_url":"https:\/\/globaltaxjustice.org\/es\/noticias\/top-50-influencing-tax\/","og_site_name":"Global Tax Justice","article_modified_time":"2025-12-10T12:29:46+00:00","og_image":[{"width":1080,"height":1080,"url":"https:\/\/globaltaxjustice.org\/wp-content\/uploads\/2025\/12\/2025-GATJ-Recap--e1765354327332.png","type":"image\/png"}],"twitter_card":"summary_large_image","twitter_misc":{"Est. reading time":"2 minutos"},"schema":{"@context":"https:\/\/schema.org","@graph":[{"@type":"WebPage","@id":"https:\/\/globaltaxjustice.org\/es\/noticias\/top-50-influencing-tax\/","url":"https:\/\/globaltaxjustice.org\/es\/noticias\/top-50-influencing-tax\/","name":"Miembros de GATJ reconocidos entre las 50 personas m\u00e1s influyentes en materia fiscal - Global Tax Justice","isPartOf":{"@id":"https:\/\/globaltaxjustice.org\/es\/#website"},"primaryImageOfPage":{"@id":"https:\/\/globaltaxjustice.org\/es\/noticias\/top-50-influencing-tax\/#primaryimage"},"image":{"@id":"https:\/\/globaltaxjustice.org\/es\/noticias\/top-50-influencing-tax\/#primaryimage"},"thumbnailUrl":"https:\/\/globaltaxjustice.org\/wp-content\/uploads\/2025\/12\/2025-GATJ-Recap--e1765354327332.png","datePublished":"2025-12-09T20:10:00+00:00","dateModified":"2025-12-10T12:29:46+00:00","description":"Luis Moreno, Chair of the Global Alliance for Tax Justice, again named one of the 50 most influential people globally on tax.","breadcrumb":{"@id":"https:\/\/globaltaxjustice.org\/es\/noticias\/top-50-influencing-tax\/#breadcrumb"},"inLanguage":"es","potentialAction":[{"@type":"ReadAction","target":["https:\/\/globaltaxjustice.org\/es\/noticias\/top-50-influencing-tax\/"]}]},{"@type":"ImageObject","inLanguage":"es","@id":"https:\/\/globaltaxjustice.org\/es\/noticias\/top-50-influencing-tax\/#primaryimage","url":"https:\/\/globaltaxjustice.org\/wp-content\/uploads\/2025\/12\/2025-GATJ-Recap--e1765354327332.png","contentUrl":"https:\/\/globaltaxjustice.org\/wp-content\/uploads\/2025\/12\/2025-GATJ-Recap--e1765354327332.png","width":1080,"height":1080},{"@type":"BreadcrumbList","@id":"https:\/\/globaltaxjustice.org\/es\/noticias\/top-50-influencing-tax\/#breadcrumb","itemListElement":[{"@type":"ListItem","position":1,"name":"Home","item":"https:\/\/globaltaxjustice.org\/es\/"},{"@type":"ListItem","position":2,"name":"News","item":"https:\/\/globaltaxjustice.org\/es\/noticias\/"},{"@type":"ListItem","position":3,"name":"Miembros de GATJ reconocidos entre las 50 personas m\u00e1s influyentes en materia fiscal"}]},{"@type":"WebSite","@id":"https:\/\/globaltaxjustice.org\/es\/#website","url":"https:\/\/globaltaxjustice.org\/es\/","name":"Global Tax Justice","description":"Just another WordPress site","publisher":{"@id":"https:\/\/globaltaxjustice.org\/es\/#organization"},"potentialAction":[{"@type":"SearchAction","target":{"@type":"EntryPoint","urlTemplate":"https:\/\/globaltaxjustice.org\/es\/?s={search_term_string}"},"query-input":{"@type":"PropertyValueSpecification","valueRequired":true,"valueName":"search_term_string"}}],"inLanguage":"es"},{"@type":"Organization","@id":"https:\/\/globaltaxjustice.org\/es\/#organization","name":"Global Tax Justice","url":"https:\/\/globaltaxjustice.org\/es\/","logo":{"@type":"ImageObject","inLanguage":"es","@id":"https:\/\/globaltaxjustice.org\/es\/#\/schema\/logo\/image\/","url":"https:\/\/globaltaxjustice.org\/wp-content\/uploads\/2024\/10\/logo_header.svg","contentUrl":"https:\/\/globaltaxjustice.org\/wp-content\/uploads\/2024\/10\/logo_header.svg","width":229,"height":40,"caption":"Global Tax Justice"},"image":{"@id":"https:\/\/globaltaxjustice.org\/es\/#\/schema\/logo\/image\/"}}]}},"_links":{"self":[{"href":"https:\/\/globaltaxjustice.org\/es\/wp-json\/wp\/v2\/news\/16258","targetHints":{"allow":["GET"]}}],"collection":[{"href":"https:\/\/globaltaxjustice.org\/es\/wp-json\/wp\/v2\/news"}],"about":[{"href":"https:\/\/globaltaxjustice.org\/es\/wp-json\/wp\/v2\/types\/news"}],"version-history":[{"count":0,"href":"https:\/\/globaltaxjustice.org\/es\/wp-json\/wp\/v2\/news\/16258\/revisions"}],"wp:featuredmedia":[{"embeddable":true,"href":"https:\/\/globaltaxjustice.org\/es\/wp-json\/wp\/v2\/media\/16252"}],"wp:attachment":[{"href":"https:\/\/globaltaxjustice.org\/es\/wp-json\/wp\/v2\/media?parent=16258"}],"wp:term":[{"taxonomy":"thematic-area","embeddable":true,"href":"https:\/\/globaltaxjustice.org\/es\/wp-json\/wp\/v2\/thematic-area?post=16258"},{"taxonomy":"year","embeddable":true,"href":"https:\/\/globaltaxjustice.org\/es\/wp-json\/wp\/v2\/year?post=16258"},{"taxonomy":"resource-type","embeddable":true,"href":"https:\/\/globaltaxjustice.org\/es\/wp-json\/wp\/v2\/resource-type?post=16258"}],"curies":[{"name":"wp","href":"https:\/\/api.w.org\/{rel}","templated":true}]}}