{"id":16668,"date":"2026-04-28T07:50:03","date_gmt":"2026-04-28T07:50:03","guid":{"rendered":"https:\/\/globaltaxjustice.org\/?post_type=news&#038;p=16668"},"modified":"2026-04-28T07:50:03","modified_gmt":"2026-04-28T07:50:03","slug":"sindicatos-del-cono-sur-se-articulan-por-una-agenda-de-justicia-fiscal-y-aduanera-en-encuentro-regional","status":"publish","type":"news","link":"https:\/\/globaltaxjustice.org\/es\/noticias\/sindicatos-del-cono-sur-se-articulan-por-una-agenda-de-justicia-fiscal-y-aduanera-en-encuentro-regional\/","title":{"rendered":"Sindicatos del Cono Sur se articulan por una agenda de justicia fiscal y aduanera en encuentro regional"},"content":{"rendered":"\n<p><strong>Publicado originalmente por Latindadd <a href=\"https:\/\/latindadd.org\/justicia-fiscal\/sindicatos-del-cono-sur-se-articulan-por-una-agenda-de-justicia-fiscal-y-aduanera-en-encuentro-regional\/\">aqu\u00ed.<\/a><\/strong><\/p>\n\n\n\n<p>El jueves 23 de abril se realiz\u00f3 el&nbsp;<em>Encuentro Sindical del Cono Sur sobre justicia fiscal y aduanera<\/em>, un espacio de articulaci\u00f3n regional que reuni\u00f3 a organizaciones sindicales, especialistas y redes de la sociedad civil para debatir los principales desaf\u00edos tributarios y aduaneros que enfrenta Am\u00e9rica Latina y el Caribe. La actividad fue impulsada por Latindadd, la Red de Justicia Fiscal de Am\u00e9rica Latina y el Caribe (RJFALC), Asociaci\u00f3n de Empleados Fiscales e Ingresos P\u00fablicos (AEFIP), Sindicato \u00danico del Personal Aduanero de la Rep\u00fablica Argentina (SUPARA), Internacional de Servicios P\u00fablicos (ISP) y la Federaci\u00f3n de Funcionarios Aduaneros y de la Recaudaci\u00f3n Fiscal de Am\u00e9rica del Sur (FRASUR).<\/p>\n\n\n\n<p>El evento cont\u00f3 con la participaci\u00f3n de diversas organizaciones sindicales de la regi\u00f3n, entre ellas el Sindicato de Empleados de la Direcci\u00f3n de Impuestos y Aduanas Nacionales (Sinedian) de Colombia, el Sindicato Nacional de los Auditores Fiscales de la Receita Federal del Brasil (Sindifisco Nacional), la Federaci\u00f3n Nacional de Trabajadores Aduaneros y Tributarios de la SUNAT (Fentat-Sunat) de Per\u00fa, la Asociaci\u00f3n Nacional de Funcionarios de Impuestos Internos de Chile (Affich) y la Asociaci\u00f3n Nacional de Empleados de Impuestos Internos de Chile (Aneich), quienes aportaron perspectivas y experiencias desde sus respectivos pa\u00edses.<\/p>\n\n\n\n<p>El encuentro tuvo como eje central la necesidad de avanzar hacia sistemas tributarios m\u00e1s progresivos, transparentes y capaces de responder a las transformaciones de la econom\u00eda global. En ese marco, se abordaron temas clave como la regresividad tributaria, la tributaci\u00f3n de la econom\u00eda digital, la transparencia fiscal y financiera, la evasi\u00f3n corporativa,&nbsp; y el fortalecimiento del control aduanero y del comercio internacional.<\/p>\n\n\n\n<p>Durante la jornada, se destac\u00f3 el rol estrat\u00e9gico de los sindicatos de las administraciones tributarias y aduaneras como actores fundamentales en la implementaci\u00f3n de pol\u00edticas p\u00fablicas, en la generaci\u00f3n de conocimiento t\u00e9cnico y en la defensa de sistemas fiscales m\u00e1s justos.&nbsp;<\/p>\n\n\n\n<p>Las intervenciones coincidieron en que la regi\u00f3n enfrenta un escenario de alta desigualdad, donde los sistemas tributarios a\u00fan cargan de manera desproporcionada sobre los sectores de menores ingresos.<\/p>\n\n\n\n<p>Asimismo, se resalt\u00f3 la importancia de construir alianzas entre sindicatos, organizaciones sociales y redes regionales para incidir en las agendas p\u00fablicas y promover reformas estructurales. Por ejemplo, fortalecer capacidades institucionales frente a la evasi\u00f3n fiscal de grandes corporaciones y los desaf\u00edos que plantea la digitalizaci\u00f3n de la econom\u00eda.<\/p>\n\n\n\n<p><strong>SISTEMAS TRIBUTARIOS REGRESIVOS AFECTAN A LA REGI\u00d3N<\/strong><\/p>\n\n\n\n<p>Jorge Coronado, miembro de la Red de Justicia Fiscal de Am\u00e9rica Latina y el Caribe, indic\u00f3 que el modelo tributario de la regi\u00f3n era regresivo y limitaba la capacidad redistributiva del Estado. \u00abEl modelo tributario de Am\u00e9rica Latina es altamente regresivo, sustentado en impuestos al consumo. Debemos garantizar que la regi\u00f3n deje de ser la m\u00e1s desigual del planeta\u00bb, se\u00f1al\u00f3. Resalt\u00f3 tambi\u00e9n la necesidad de impulsar reformas que nos permitan avanzar hacia la progresividad fiscal, especialmente a trav\u00e9s de una mayor tributaci\u00f3n sobre la renta y la riqueza, como condici\u00f3n para reducir las profundas brechas de desigualdad.<\/p>\n\n\n\n<p>Adri\u00e1n Falco, coordinador del \u00e1rea de justicia fiscal de Latindadd, destac\u00f3 el valor estrat\u00e9gico de la articulaci\u00f3n con sindicatos: \u201cEl movimiento sindical es un aliado estrat\u00e9gico de Latindadd, lo ha sido siempre y en esta oportunidad el evento que ha tenido lugar en Buenos Aires es un gran primer paso para consolidar y construir una estrategia com\u00fan entre Latindadd, las organizaciones sociales y los sindicatos para poder no solamente intentar contrarrestar la derechizaci\u00f3n de los gobiernos en nuestra regi\u00f3n, sino tambi\u00e9n para proponer una agenda distinta\u201d.<\/p>\n\n\n\n<p>Falco tambi\u00e9n resalt\u00f3 que la articulaci\u00f3n con el movimiento sindical no es nueva, sino que forma parte de una relaci\u00f3n hist\u00f3rica que hoy adquiere renovada relevancia. En ese sentido, consider\u00f3 que este encuentro representa un primer paso clave para construir una estrategia compartida entre sindicatos, organizaciones sociales y redes regionales, orientada no solo a responder al giro pol\u00edtico de la regi\u00f3n, sino tambi\u00e9n a posicionar una agenda alternativa.<\/p>\n\n\n\n<p>Asimismo, se\u00f1al\u00f3 que los sindicatos de las administraciones tributarias y aduaneras tienen un papel fundamental en este proceso por su potencial de movilizaci\u00f3n e incidencia, especialmente cuando se articulan estrat\u00e9gicamente con organizaciones como Latindadd y la Red de Justicia Fiscal de Am\u00e9rica Latina y el Caribe.<\/p>\n","protected":false},"excerpt":{"rendered":"<p>Publicado originalmente por Latindadd aqu\u00ed. El jueves 23 de abril se realiz\u00f3 el&nbsp;Encuentro Sindical del Cono Sur sobre justicia fiscal y aduanera, un espacio de [&hellip;]<\/p>\n","protected":false},"featured_media":16667,"template":"","thematic-area":[154],"year":[197],"resource-type":[188],"class_list":["post-16668","news","type-news","status-publish","has-post-thumbnail","hentry","thematic-area-miembros-de-gatj","year-197","resource-type-comunicados-de-prensa"],"acf":[],"yoast_head":"<!-- This site is optimized with the Yoast SEO plugin v27.2 - https:\/\/yoast.com\/product\/yoast-seo-wordpress\/ -->\n<title>Sindicatos del Cono Sur se articulan por una agenda de justicia fiscal y aduanera en encuentro regional - Global Tax Justice<\/title>\n<meta name=\"robots\" content=\"index, follow, max-snippet:-1, max-image-preview:large, max-video-preview:-1\" \/>\n<link rel=\"canonical\" href=\"https:\/\/globaltaxjustice.org\/es\/noticias\/sindicatos-del-cono-sur-se-articulan-por-una-agenda-de-justicia-fiscal-y-aduanera-en-encuentro-regional\/\" \/>\n<meta property=\"og:locale\" content=\"es_ES\" \/>\n<meta property=\"og:type\" content=\"article\" \/>\n<meta property=\"og:title\" content=\"Sindicatos del Cono Sur se articulan por una agenda de justicia fiscal y aduanera en encuentro regional - Global Tax Justice\" \/>\n<meta property=\"og:description\" content=\"Publicado originalmente por Latindadd aqu\u00ed. El jueves 23 de abril se realiz\u00f3 el&nbsp;Encuentro Sindical del Cono Sur sobre justicia fiscal y aduanera, un espacio de [&hellip;]\" \/>\n<meta property=\"og:url\" content=\"https:\/\/globaltaxjustice.org\/es\/noticias\/sindicatos-del-cono-sur-se-articulan-por-una-agenda-de-justicia-fiscal-y-aduanera-en-encuentro-regional\/\" \/>\n<meta property=\"og:site_name\" content=\"Global Tax Justice\" \/>\n<meta property=\"og:image\" content=\"https:\/\/globaltaxjustice.org\/wp-content\/uploads\/2026\/04\/WhatsApp-Image-2026-04-23-at-2.23.55-PM-2.jpg\" \/>\n\t<meta property=\"og:image:width\" content=\"1600\" \/>\n\t<meta property=\"og:image:height\" content=\"900\" \/>\n\t<meta property=\"og:image:type\" content=\"image\/jpeg\" \/>\n<meta name=\"twitter:card\" content=\"summary_large_image\" \/>\n<meta name=\"twitter:label1\" content=\"Est. reading time\" \/>\n\t<meta name=\"twitter:data1\" content=\"4 minutos\" \/>\n<script type=\"application\/ld+json\" class=\"yoast-schema-graph\">{\"@context\":\"https:\/\/schema.org\",\"@graph\":[{\"@type\":\"WebPage\",\"@id\":\"https:\/\/globaltaxjustice.org\/es\/noticias\/sindicatos-del-cono-sur-se-articulan-por-una-agenda-de-justicia-fiscal-y-aduanera-en-encuentro-regional\/\",\"url\":\"https:\/\/globaltaxjustice.org\/es\/noticias\/sindicatos-del-cono-sur-se-articulan-por-una-agenda-de-justicia-fiscal-y-aduanera-en-encuentro-regional\/\",\"name\":\"Sindicatos del Cono Sur se articulan por una agenda de justicia fiscal y aduanera en encuentro regional - Global Tax Justice\",\"isPartOf\":{\"@id\":\"https:\/\/globaltaxjustice.org\/es\/#website\"},\"primaryImageOfPage\":{\"@id\":\"https:\/\/globaltaxjustice.org\/es\/noticias\/sindicatos-del-cono-sur-se-articulan-por-una-agenda-de-justicia-fiscal-y-aduanera-en-encuentro-regional\/#primaryimage\"},\"image\":{\"@id\":\"https:\/\/globaltaxjustice.org\/es\/noticias\/sindicatos-del-cono-sur-se-articulan-por-una-agenda-de-justicia-fiscal-y-aduanera-en-encuentro-regional\/#primaryimage\"},\"thumbnailUrl\":\"https:\/\/globaltaxjustice.org\/wp-content\/uploads\/2026\/04\/WhatsApp-Image-2026-04-23-at-2.23.55-PM-2.jpg\",\"datePublished\":\"2026-04-28T07:50:03+00:00\",\"breadcrumb\":{\"@id\":\"https:\/\/globaltaxjustice.org\/es\/noticias\/sindicatos-del-cono-sur-se-articulan-por-una-agenda-de-justicia-fiscal-y-aduanera-en-encuentro-regional\/#breadcrumb\"},\"inLanguage\":\"es\",\"potentialAction\":[{\"@type\":\"ReadAction\",\"target\":[\"https:\/\/globaltaxjustice.org\/es\/noticias\/sindicatos-del-cono-sur-se-articulan-por-una-agenda-de-justicia-fiscal-y-aduanera-en-encuentro-regional\/\"]}]},{\"@type\":\"ImageObject\",\"inLanguage\":\"es\",\"@id\":\"https:\/\/globaltaxjustice.org\/es\/noticias\/sindicatos-del-cono-sur-se-articulan-por-una-agenda-de-justicia-fiscal-y-aduanera-en-encuentro-regional\/#primaryimage\",\"url\":\"https:\/\/globaltaxjustice.org\/wp-content\/uploads\/2026\/04\/WhatsApp-Image-2026-04-23-at-2.23.55-PM-2.jpg\",\"contentUrl\":\"https:\/\/globaltaxjustice.org\/wp-content\/uploads\/2026\/04\/WhatsApp-Image-2026-04-23-at-2.23.55-PM-2.jpg\",\"width\":1600,\"height\":900},{\"@type\":\"BreadcrumbList\",\"@id\":\"https:\/\/globaltaxjustice.org\/es\/noticias\/sindicatos-del-cono-sur-se-articulan-por-una-agenda-de-justicia-fiscal-y-aduanera-en-encuentro-regional\/#breadcrumb\",\"itemListElement\":[{\"@type\":\"ListItem\",\"position\":1,\"name\":\"Home\",\"item\":\"https:\/\/globaltaxjustice.org\/es\/\"},{\"@type\":\"ListItem\",\"position\":2,\"name\":\"News\",\"item\":\"https:\/\/globaltaxjustice.org\/es\/noticias\/\"},{\"@type\":\"ListItem\",\"position\":3,\"name\":\"Sindicatos del Cono Sur se articulan por una agenda de justicia fiscal y aduanera en encuentro regional\"}]},{\"@type\":\"WebSite\",\"@id\":\"https:\/\/globaltaxjustice.org\/es\/#website\",\"url\":\"https:\/\/globaltaxjustice.org\/es\/\",\"name\":\"Global Tax Justice\",\"description\":\"Just another WordPress site\",\"publisher\":{\"@id\":\"https:\/\/globaltaxjustice.org\/es\/#organization\"},\"potentialAction\":[{\"@type\":\"SearchAction\",\"target\":{\"@type\":\"EntryPoint\",\"urlTemplate\":\"https:\/\/globaltaxjustice.org\/es\/?s={search_term_string}\"},\"query-input\":{\"@type\":\"PropertyValueSpecification\",\"valueRequired\":true,\"valueName\":\"search_term_string\"}}],\"inLanguage\":\"es\"},{\"@type\":\"Organization\",\"@id\":\"https:\/\/globaltaxjustice.org\/es\/#organization\",\"name\":\"Global Tax Justice\",\"url\":\"https:\/\/globaltaxjustice.org\/es\/\",\"logo\":{\"@type\":\"ImageObject\",\"inLanguage\":\"es\",\"@id\":\"https:\/\/globaltaxjustice.org\/es\/#\/schema\/logo\/image\/\",\"url\":\"https:\/\/globaltaxjustice.org\/wp-content\/uploads\/2024\/10\/logo_header.svg\",\"contentUrl\":\"https:\/\/globaltaxjustice.org\/wp-content\/uploads\/2024\/10\/logo_header.svg\",\"width\":229,\"height\":40,\"caption\":\"Global Tax Justice\"},\"image\":{\"@id\":\"https:\/\/globaltaxjustice.org\/es\/#\/schema\/logo\/image\/\"}}]}<\/script>\n<!-- \/ Yoast SEO plugin. -->","yoast_head_json":{"title":"Sindicatos del Cono Sur se articulan por una agenda de justicia fiscal y aduanera en encuentro regional - Global Tax Justice","robots":{"index":"index","follow":"follow","max-snippet":"max-snippet:-1","max-image-preview":"max-image-preview:large","max-video-preview":"max-video-preview:-1"},"canonical":"https:\/\/globaltaxjustice.org\/es\/noticias\/sindicatos-del-cono-sur-se-articulan-por-una-agenda-de-justicia-fiscal-y-aduanera-en-encuentro-regional\/","og_locale":"es_ES","og_type":"article","og_title":"Sindicatos del Cono Sur se articulan por una agenda de justicia fiscal y aduanera en encuentro regional - Global Tax Justice","og_description":"Publicado originalmente por Latindadd aqu\u00ed. El jueves 23 de abril se realiz\u00f3 el&nbsp;Encuentro Sindical del Cono Sur sobre justicia fiscal y aduanera, un espacio de [&hellip;]","og_url":"https:\/\/globaltaxjustice.org\/es\/noticias\/sindicatos-del-cono-sur-se-articulan-por-una-agenda-de-justicia-fiscal-y-aduanera-en-encuentro-regional\/","og_site_name":"Global Tax Justice","og_image":[{"width":1600,"height":900,"url":"https:\/\/globaltaxjustice.org\/wp-content\/uploads\/2026\/04\/WhatsApp-Image-2026-04-23-at-2.23.55-PM-2.jpg","type":"image\/jpeg"}],"twitter_card":"summary_large_image","twitter_misc":{"Est. reading time":"4 minutos"},"schema":{"@context":"https:\/\/schema.org","@graph":[{"@type":"WebPage","@id":"https:\/\/globaltaxjustice.org\/es\/noticias\/sindicatos-del-cono-sur-se-articulan-por-una-agenda-de-justicia-fiscal-y-aduanera-en-encuentro-regional\/","url":"https:\/\/globaltaxjustice.org\/es\/noticias\/sindicatos-del-cono-sur-se-articulan-por-una-agenda-de-justicia-fiscal-y-aduanera-en-encuentro-regional\/","name":"Sindicatos del Cono Sur se articulan por una agenda de justicia fiscal y aduanera en encuentro regional - Global Tax Justice","isPartOf":{"@id":"https:\/\/globaltaxjustice.org\/es\/#website"},"primaryImageOfPage":{"@id":"https:\/\/globaltaxjustice.org\/es\/noticias\/sindicatos-del-cono-sur-se-articulan-por-una-agenda-de-justicia-fiscal-y-aduanera-en-encuentro-regional\/#primaryimage"},"image":{"@id":"https:\/\/globaltaxjustice.org\/es\/noticias\/sindicatos-del-cono-sur-se-articulan-por-una-agenda-de-justicia-fiscal-y-aduanera-en-encuentro-regional\/#primaryimage"},"thumbnailUrl":"https:\/\/globaltaxjustice.org\/wp-content\/uploads\/2026\/04\/WhatsApp-Image-2026-04-23-at-2.23.55-PM-2.jpg","datePublished":"2026-04-28T07:50:03+00:00","breadcrumb":{"@id":"https:\/\/globaltaxjustice.org\/es\/noticias\/sindicatos-del-cono-sur-se-articulan-por-una-agenda-de-justicia-fiscal-y-aduanera-en-encuentro-regional\/#breadcrumb"},"inLanguage":"es","potentialAction":[{"@type":"ReadAction","target":["https:\/\/globaltaxjustice.org\/es\/noticias\/sindicatos-del-cono-sur-se-articulan-por-una-agenda-de-justicia-fiscal-y-aduanera-en-encuentro-regional\/"]}]},{"@type":"ImageObject","inLanguage":"es","@id":"https:\/\/globaltaxjustice.org\/es\/noticias\/sindicatos-del-cono-sur-se-articulan-por-una-agenda-de-justicia-fiscal-y-aduanera-en-encuentro-regional\/#primaryimage","url":"https:\/\/globaltaxjustice.org\/wp-content\/uploads\/2026\/04\/WhatsApp-Image-2026-04-23-at-2.23.55-PM-2.jpg","contentUrl":"https:\/\/globaltaxjustice.org\/wp-content\/uploads\/2026\/04\/WhatsApp-Image-2026-04-23-at-2.23.55-PM-2.jpg","width":1600,"height":900},{"@type":"BreadcrumbList","@id":"https:\/\/globaltaxjustice.org\/es\/noticias\/sindicatos-del-cono-sur-se-articulan-por-una-agenda-de-justicia-fiscal-y-aduanera-en-encuentro-regional\/#breadcrumb","itemListElement":[{"@type":"ListItem","position":1,"name":"Home","item":"https:\/\/globaltaxjustice.org\/es\/"},{"@type":"ListItem","position":2,"name":"News","item":"https:\/\/globaltaxjustice.org\/es\/noticias\/"},{"@type":"ListItem","position":3,"name":"Sindicatos del Cono Sur se articulan por una agenda de justicia fiscal y aduanera en encuentro regional"}]},{"@type":"WebSite","@id":"https:\/\/globaltaxjustice.org\/es\/#website","url":"https:\/\/globaltaxjustice.org\/es\/","name":"Global Tax Justice","description":"Just another WordPress site","publisher":{"@id":"https:\/\/globaltaxjustice.org\/es\/#organization"},"potentialAction":[{"@type":"SearchAction","target":{"@type":"EntryPoint","urlTemplate":"https:\/\/globaltaxjustice.org\/es\/?s={search_term_string}"},"query-input":{"@type":"PropertyValueSpecification","valueRequired":true,"valueName":"search_term_string"}}],"inLanguage":"es"},{"@type":"Organization","@id":"https:\/\/globaltaxjustice.org\/es\/#organization","name":"Global Tax Justice","url":"https:\/\/globaltaxjustice.org\/es\/","logo":{"@type":"ImageObject","inLanguage":"es","@id":"https:\/\/globaltaxjustice.org\/es\/#\/schema\/logo\/image\/","url":"https:\/\/globaltaxjustice.org\/wp-content\/uploads\/2024\/10\/logo_header.svg","contentUrl":"https:\/\/globaltaxjustice.org\/wp-content\/uploads\/2024\/10\/logo_header.svg","width":229,"height":40,"caption":"Global Tax Justice"},"image":{"@id":"https:\/\/globaltaxjustice.org\/es\/#\/schema\/logo\/image\/"}}]}},"_links":{"self":[{"href":"https:\/\/globaltaxjustice.org\/es\/wp-json\/wp\/v2\/news\/16668","targetHints":{"allow":["GET"]}}],"collection":[{"href":"https:\/\/globaltaxjustice.org\/es\/wp-json\/wp\/v2\/news"}],"about":[{"href":"https:\/\/globaltaxjustice.org\/es\/wp-json\/wp\/v2\/types\/news"}],"version-history":[{"count":0,"href":"https:\/\/globaltaxjustice.org\/es\/wp-json\/wp\/v2\/news\/16668\/revisions"}],"wp:featuredmedia":[{"embeddable":true,"href":"https:\/\/globaltaxjustice.org\/es\/wp-json\/wp\/v2\/media\/16667"}],"wp:attachment":[{"href":"https:\/\/globaltaxjustice.org\/es\/wp-json\/wp\/v2\/media?parent=16668"}],"wp:term":[{"taxonomy":"thematic-area","embeddable":true,"href":"https:\/\/globaltaxjustice.org\/es\/wp-json\/wp\/v2\/thematic-area?post=16668"},{"taxonomy":"year","embeddable":true,"href":"https:\/\/globaltaxjustice.org\/es\/wp-json\/wp\/v2\/year?post=16668"},{"taxonomy":"resource-type","embeddable":true,"href":"https:\/\/globaltaxjustice.org\/es\/wp-json\/wp\/v2\/resource-type?post=16668"}],"curies":[{"name":"wp","href":"https:\/\/api.w.org\/{rel}","templated":true}]}}