{"id":4660,"date":"2022-07-28T01:34:20","date_gmt":"2022-07-28T01:34:20","guid":{"rendered":"https:\/\/globaltaxjustice.org\/?post_type=news&#038;p=4660"},"modified":"2022-07-28T01:34:20","modified_gmt":"2022-07-28T01:34:20","slug":"unase-a-las-acciones-fight-inequality","status":"publish","type":"news","link":"https:\/\/globaltaxjustice.org\/es\/noticias\/unase-a-las-acciones-fight-inequality\/","title":{"rendered":"\u00danase a las acciones Fight Inequality"},"content":{"rendered":"<p><span style=\"font-weight: 400;\">La alianza global por la justicia fiscal\u00a0<\/span><b>se enorgullece<\/b><span style=\"font-weight: 400;\">\u00a0por ser socia de la Alianza Fight Inequality.<\/span><\/p>\n<p><span style=\"font-weight: 400;\">La semana de acci\u00f3n\u00a0<\/span><a href=\"https:\/\/twitter.com\/hashtag\/fightinequality?src=hash\"><span style=\"font-weight: 400;\">#fightinequality<\/span><\/a><span style=\"font-weight: 400;\">\u00a0del 14 al 20 de enero del 2017 ser\u00e1 una semana de m\u00fasica, arte, expresi\u00f3n popular del mundo que queremos:<\/span><\/p>\n<p><span style=\"font-weight: 400;\">The\u00a0<\/span><a href=\"https:\/\/twitter.com\/hashtag\/fightinequality?src=hash\"><span style=\"font-weight: 400;\">#fightinequality<\/span><\/a><span style=\"font-weight: 400;\">\u00a0Week of Action 14th-20th January 2017 will be a week of music, art, popular expression of the world we want &#8211;\u00a0<\/span><a href=\"https:\/\/twitter.com\/NjokiN3\"><span style=\"font-weight: 400;\">@NjokiN3<\/span><\/a><span style=\"font-weight: 400;\">\u00a0<\/span><a href=\"https:\/\/t.co\/jAptw9PHkb\"><span style=\"font-weight: 400;\">pic.twitter.com\/jAptw9PHkb<\/span><\/a><\/p>\n<p><span style=\"font-weight: 400;\">\u2014 #FightInequality (@FightInequalit1)\u00a0<\/span><a href=\"https:\/\/twitter.com\/FightInequalit1\/status\/808172255557615617\"><span style=\"font-weight: 400;\">December 12, 2016<\/span><\/a><\/p>\n<p><span style=\"font-weight: 400;\">\u00a0<\/span><\/p>\n<p><b>El s\u00e1bado 14 de enero,\u00a0<\/b><span style=\"font-weight: 400;\">la semana se iniciar\u00e1 con eventos alrededor del mundo pidiendo el fin de desigualdades injustas y extremas. Habr\u00e1n protestas y fiestas, acrobacias y canciones y un llamado ruidoso para que las gigantes corporaciones y los l\u00edderes del mundo den la prioridad a los intereses de la gente.<\/span><\/p>\n<p><b>El martes 17 de enero,\u00a0<\/b><span style=\"font-weight: 400;\">mientras los l\u00edderes pol\u00edticos y corporatistas se re\u00fanen en el lujoso y exclusivo resort de esqu\u00ed de Davos, miles de blogueros hablar\u00e1n y llamar\u00e1n la atenci\u00f3n sobre desigualdad y justicia fiscal. Usando el hashtag oficial del Foro Econ\u00f3mico Mundial 2017, publicaremos acerca de nuestros blogs en las redes sociales. Juntas y juntos, levantaremos la voz, y haremos imposible para l\u00edderes pol\u00edticos y corporatistas ignorar la necesidad de enfrentar los niveles actuales de desigualdad, peligrosamente altos. Para saber m\u00e1s y juntarse, haga click\u00a0<\/span><a href=\"http:\/\/bit.ly\/2i6ceUY\"><span style=\"font-weight: 400;\">aqui<\/span><\/a><span style=\"font-weight: 400;\">.\u00a0<\/span><\/p>\n<p><b>El jueves 18 de enero,\u00a0<\/b><span style=\"font-weight: 400;\">activistas alrededor del mundo estar\u00e1n compartiendo #SharingHope en Twitter. S\u00edguenos en Twitter ahora para mantenerse informado sobre las acciones: @fightinequalit1<\/span><\/p>\n<p><span style=\"font-weight: 400;\">\u00a0<\/span><\/p>\n<p><b>Por qu\u00e9 luchamos en enero?<\/b><\/p>\n<p><span style=\"font-weight: 400;\">La desigualdad ha logrado niveles extremos y peligrosos, y ha puesto demasiado poder en las manos de corporaciones millonarias y poderosas. M\u00e1s grave a\u00fan, un n\u00famero creciente de l\u00edderes llenos de odio est\u00e1 ganando poder pretendiendo erigirse en defensor de los pobres. Pero no son campeones para gente ordinaria y no tienen intenci\u00f3n alguna de poner fin a la avaricia corporativa, la evasi\u00f3n fiscal, la privatizaci\u00f3n de servicios, y la exploraci\u00f3n de los trabajadores, las mujeres y las minor\u00edas. De hecho, est\u00e1n suscitando la divisi\u00f3n y la discriminaci\u00f3n que amenaza llevarnos a los horrores del pasado.<\/span><\/p>\n<p><span style=\"font-weight: 400;\">Sabemos que es posible tener una sociedad donde cada persona importe, y nadie sea bastante rico y poderoso para ser inmune a las reglas. Pero elites y corporaciones poderosas no cambiaran un sistema que funciona para ellos, sin presi\u00f3n. Es porque se re\u00fanen en enero para desafiar en\u00e9rgicamente la concentraci\u00f3n del poder en las manos de una peque\u00f1a elite, y demandar un futuro mejor donde gobiernos van a #fightinequality.<\/span><\/p>\n<p><span style=\"font-weight: 400;\">Consulte estos enlaces para obtener informaci\u00f3n sobre como juntarse a la semana de acci\u00f3n #FightInequality, del 14 al 20 de enero, simult\u00e1neamente con el Foro Econ\u00f3mico Mundial en Davos:<\/span><\/p>\n<p><a href=\"https:\/\/www.fightinequality.org\/blogging%20day%20of%20action\/\"><span style=\"font-weight: 400;\">https:\/\/www.fightinequality.org\/blogging%20day%20of%20action\/<\/span><\/a><\/p>\n<p><a href=\"https:\/\/www.fightinequality.org\/week%20of%20action\/\"><span style=\"font-weight: 400;\">https:\/\/www.fightinequality.org\/week%20of%20action\/<\/span><\/a><\/p>\n<p><span style=\"font-weight: 400;\">A trav\u00e9s de un proceso consultativo inclusivo, la alianza est\u00e1 construyendo una visi\u00f3n compartida que articulara lo que buscamos lograr. Los borradores actuales est\u00e1n disponibles en\u00a0<\/span><a href=\"https:\/\/fightinequality.org\/en\/vision\/\"><span style=\"font-weight: 400;\">ingl\u00e9s<\/span><\/a><span style=\"font-weight: 400;\">,\u00a0<\/span><a href=\"https:\/\/www.fightinequality.org\/fr\/vision\/\"><span style=\"font-weight: 400;\">franc\u00e9s<\/span><\/a><span style=\"font-weight: 400;\">,\u00a0<\/span><a href=\"https:\/\/fightinequality.org\/es\/vision\/\"><span style=\"font-weight: 400;\">espa\u00f1ol\u00a0<\/span><\/a><span style=\"font-weight: 400;\">y\u00a0<\/span><a href=\"https:\/\/fightinequality.org\/pt\/vision\/\"><span style=\"font-weight: 400;\">portugu\u00e9s.<\/span><\/a><\/p>\n","protected":false},"excerpt":{"rendered":"<p>La alianza global por la justicia fiscal se enorgullece por ser socia de la Alianza Fight Inequality. La semana de acci\u00f3<\/p>\n","protected":false},"featured_media":4661,"template":"","thematic-area":[121],"year":[115],"resource-type":[],"class_list":["post-4660","news","type-news","status-publish","has-post-thumbnail","hentry","thematic-area-fiscalidad-y-genero","year-2017-es"],"acf":[],"yoast_head":"<!-- This site is optimized with the Yoast SEO plugin v27.2 - https:\/\/yoast.com\/product\/yoast-seo-wordpress\/ -->\n<title>\u00danase a las acciones Fight Inequality - Global Tax Justice<\/title>\n<meta name=\"robots\" content=\"index, follow, max-snippet:-1, max-image-preview:large, max-video-preview:-1\" \/>\n<link rel=\"canonical\" href=\"https:\/\/globaltaxjustice.org\/es\/noticias\/unase-a-las-acciones-fight-inequality\/\" \/>\n<meta property=\"og:locale\" content=\"es_ES\" \/>\n<meta property=\"og:type\" content=\"article\" \/>\n<meta property=\"og:title\" content=\"\u00danase a las acciones Fight Inequality - Global Tax Justice\" \/>\n<meta property=\"og:description\" content=\"La alianza global por la justicia fiscal se enorgullece por ser socia de la Alianza Fight Inequality. La semana de acci\u00f3\" \/>\n<meta property=\"og:url\" content=\"https:\/\/globaltaxjustice.org\/es\/noticias\/unase-a-las-acciones-fight-inequality\/\" \/>\n<meta property=\"og:site_name\" content=\"Global Tax Justice\" \/>\n<meta property=\"og:image\" content=\"https:\/\/globaltaxjustice.org\/wp-content\/uploads\/2022\/07\/2017-01-12-Unase-a-las-acciones-Fight-Inequality-ES-IMAGEM.jpg\" \/>\n\t<meta property=\"og:image:width\" content=\"731\" \/>\n\t<meta property=\"og:image:height\" content=\"412\" \/>\n\t<meta property=\"og:image:type\" content=\"image\/jpeg\" \/>\n<meta name=\"twitter:card\" content=\"summary_large_image\" \/>\n<meta name=\"twitter:label1\" content=\"Est. reading time\" \/>\n\t<meta name=\"twitter:data1\" content=\"3 minutos\" \/>\n<script type=\"application\/ld+json\" class=\"yoast-schema-graph\">{\"@context\":\"https:\/\/schema.org\",\"@graph\":[{\"@type\":\"WebPage\",\"@id\":\"https:\/\/globaltaxjustice.org\/es\/noticias\/unase-a-las-acciones-fight-inequality\/\",\"url\":\"https:\/\/globaltaxjustice.org\/es\/noticias\/unase-a-las-acciones-fight-inequality\/\",\"name\":\"\u00danase a las acciones Fight Inequality - Global Tax Justice\",\"isPartOf\":{\"@id\":\"https:\/\/globaltaxjustice.org\/es\/#website\"},\"primaryImageOfPage\":{\"@id\":\"https:\/\/globaltaxjustice.org\/es\/noticias\/unase-a-las-acciones-fight-inequality\/#primaryimage\"},\"image\":{\"@id\":\"https:\/\/globaltaxjustice.org\/es\/noticias\/unase-a-las-acciones-fight-inequality\/#primaryimage\"},\"thumbnailUrl\":\"https:\/\/globaltaxjustice.org\/wp-content\/uploads\/2022\/07\/2017-01-12-Unase-a-las-acciones-Fight-Inequality-ES-IMAGEM.jpg\",\"datePublished\":\"2022-07-28T01:34:20+00:00\",\"breadcrumb\":{\"@id\":\"https:\/\/globaltaxjustice.org\/es\/noticias\/unase-a-las-acciones-fight-inequality\/#breadcrumb\"},\"inLanguage\":\"es\",\"potentialAction\":[{\"@type\":\"ReadAction\",\"target\":[\"https:\/\/globaltaxjustice.org\/es\/noticias\/unase-a-las-acciones-fight-inequality\/\"]}]},{\"@type\":\"ImageObject\",\"inLanguage\":\"es\",\"@id\":\"https:\/\/globaltaxjustice.org\/es\/noticias\/unase-a-las-acciones-fight-inequality\/#primaryimage\",\"url\":\"https:\/\/globaltaxjustice.org\/wp-content\/uploads\/2022\/07\/2017-01-12-Unase-a-las-acciones-Fight-Inequality-ES-IMAGEM.jpg\",\"contentUrl\":\"https:\/\/globaltaxjustice.org\/wp-content\/uploads\/2022\/07\/2017-01-12-Unase-a-las-acciones-Fight-Inequality-ES-IMAGEM.jpg\",\"width\":731,\"height\":412},{\"@type\":\"BreadcrumbList\",\"@id\":\"https:\/\/globaltaxjustice.org\/es\/noticias\/unase-a-las-acciones-fight-inequality\/#breadcrumb\",\"itemListElement\":[{\"@type\":\"ListItem\",\"position\":1,\"name\":\"Home\",\"item\":\"https:\/\/globaltaxjustice.org\/es\/\"},{\"@type\":\"ListItem\",\"position\":2,\"name\":\"News\",\"item\":\"https:\/\/globaltaxjustice.org\/es\/noticias\/\"},{\"@type\":\"ListItem\",\"position\":3,\"name\":\"\u00danase a las acciones Fight Inequality\"}]},{\"@type\":\"WebSite\",\"@id\":\"https:\/\/globaltaxjustice.org\/es\/#website\",\"url\":\"https:\/\/globaltaxjustice.org\/es\/\",\"name\":\"Global Tax Justice\",\"description\":\"Just another WordPress site\",\"publisher\":{\"@id\":\"https:\/\/globaltaxjustice.org\/es\/#organization\"},\"potentialAction\":[{\"@type\":\"SearchAction\",\"target\":{\"@type\":\"EntryPoint\",\"urlTemplate\":\"https:\/\/globaltaxjustice.org\/es\/?s={search_term_string}\"},\"query-input\":{\"@type\":\"PropertyValueSpecification\",\"valueRequired\":true,\"valueName\":\"search_term_string\"}}],\"inLanguage\":\"es\"},{\"@type\":\"Organization\",\"@id\":\"https:\/\/globaltaxjustice.org\/es\/#organization\",\"name\":\"Global Tax Justice\",\"url\":\"https:\/\/globaltaxjustice.org\/es\/\",\"logo\":{\"@type\":\"ImageObject\",\"inLanguage\":\"es\",\"@id\":\"https:\/\/globaltaxjustice.org\/es\/#\/schema\/logo\/image\/\",\"url\":\"https:\/\/globaltaxjustice.org\/wp-content\/uploads\/2024\/10\/logo_header.svg\",\"contentUrl\":\"https:\/\/globaltaxjustice.org\/wp-content\/uploads\/2024\/10\/logo_header.svg\",\"width\":229,\"height\":40,\"caption\":\"Global Tax Justice\"},\"image\":{\"@id\":\"https:\/\/globaltaxjustice.org\/es\/#\/schema\/logo\/image\/\"}}]}<\/script>\n<!-- \/ Yoast SEO plugin. -->","yoast_head_json":{"title":"\u00danase a las acciones Fight Inequality - Global Tax Justice","robots":{"index":"index","follow":"follow","max-snippet":"max-snippet:-1","max-image-preview":"max-image-preview:large","max-video-preview":"max-video-preview:-1"},"canonical":"https:\/\/globaltaxjustice.org\/es\/noticias\/unase-a-las-acciones-fight-inequality\/","og_locale":"es_ES","og_type":"article","og_title":"\u00danase a las acciones Fight Inequality - Global Tax Justice","og_description":"La alianza global por la justicia fiscal se enorgullece por ser socia de la Alianza Fight Inequality. La semana de acci\u00f3","og_url":"https:\/\/globaltaxjustice.org\/es\/noticias\/unase-a-las-acciones-fight-inequality\/","og_site_name":"Global Tax Justice","og_image":[{"width":731,"height":412,"url":"https:\/\/globaltaxjustice.org\/wp-content\/uploads\/2022\/07\/2017-01-12-Unase-a-las-acciones-Fight-Inequality-ES-IMAGEM.jpg","type":"image\/jpeg"}],"twitter_card":"summary_large_image","twitter_misc":{"Est. reading time":"3 minutos"},"schema":{"@context":"https:\/\/schema.org","@graph":[{"@type":"WebPage","@id":"https:\/\/globaltaxjustice.org\/es\/noticias\/unase-a-las-acciones-fight-inequality\/","url":"https:\/\/globaltaxjustice.org\/es\/noticias\/unase-a-las-acciones-fight-inequality\/","name":"\u00danase a las acciones Fight Inequality - Global Tax Justice","isPartOf":{"@id":"https:\/\/globaltaxjustice.org\/es\/#website"},"primaryImageOfPage":{"@id":"https:\/\/globaltaxjustice.org\/es\/noticias\/unase-a-las-acciones-fight-inequality\/#primaryimage"},"image":{"@id":"https:\/\/globaltaxjustice.org\/es\/noticias\/unase-a-las-acciones-fight-inequality\/#primaryimage"},"thumbnailUrl":"https:\/\/globaltaxjustice.org\/wp-content\/uploads\/2022\/07\/2017-01-12-Unase-a-las-acciones-Fight-Inequality-ES-IMAGEM.jpg","datePublished":"2022-07-28T01:34:20+00:00","breadcrumb":{"@id":"https:\/\/globaltaxjustice.org\/es\/noticias\/unase-a-las-acciones-fight-inequality\/#breadcrumb"},"inLanguage":"es","potentialAction":[{"@type":"ReadAction","target":["https:\/\/globaltaxjustice.org\/es\/noticias\/unase-a-las-acciones-fight-inequality\/"]}]},{"@type":"ImageObject","inLanguage":"es","@id":"https:\/\/globaltaxjustice.org\/es\/noticias\/unase-a-las-acciones-fight-inequality\/#primaryimage","url":"https:\/\/globaltaxjustice.org\/wp-content\/uploads\/2022\/07\/2017-01-12-Unase-a-las-acciones-Fight-Inequality-ES-IMAGEM.jpg","contentUrl":"https:\/\/globaltaxjustice.org\/wp-content\/uploads\/2022\/07\/2017-01-12-Unase-a-las-acciones-Fight-Inequality-ES-IMAGEM.jpg","width":731,"height":412},{"@type":"BreadcrumbList","@id":"https:\/\/globaltaxjustice.org\/es\/noticias\/unase-a-las-acciones-fight-inequality\/#breadcrumb","itemListElement":[{"@type":"ListItem","position":1,"name":"Home","item":"https:\/\/globaltaxjustice.org\/es\/"},{"@type":"ListItem","position":2,"name":"News","item":"https:\/\/globaltaxjustice.org\/es\/noticias\/"},{"@type":"ListItem","position":3,"name":"\u00danase a las acciones Fight Inequality"}]},{"@type":"WebSite","@id":"https:\/\/globaltaxjustice.org\/es\/#website","url":"https:\/\/globaltaxjustice.org\/es\/","name":"Global Tax Justice","description":"Just another WordPress site","publisher":{"@id":"https:\/\/globaltaxjustice.org\/es\/#organization"},"potentialAction":[{"@type":"SearchAction","target":{"@type":"EntryPoint","urlTemplate":"https:\/\/globaltaxjustice.org\/es\/?s={search_term_string}"},"query-input":{"@type":"PropertyValueSpecification","valueRequired":true,"valueName":"search_term_string"}}],"inLanguage":"es"},{"@type":"Organization","@id":"https:\/\/globaltaxjustice.org\/es\/#organization","name":"Global Tax Justice","url":"https:\/\/globaltaxjustice.org\/es\/","logo":{"@type":"ImageObject","inLanguage":"es","@id":"https:\/\/globaltaxjustice.org\/es\/#\/schema\/logo\/image\/","url":"https:\/\/globaltaxjustice.org\/wp-content\/uploads\/2024\/10\/logo_header.svg","contentUrl":"https:\/\/globaltaxjustice.org\/wp-content\/uploads\/2024\/10\/logo_header.svg","width":229,"height":40,"caption":"Global Tax Justice"},"image":{"@id":"https:\/\/globaltaxjustice.org\/es\/#\/schema\/logo\/image\/"}}]}},"_links":{"self":[{"href":"https:\/\/globaltaxjustice.org\/es\/wp-json\/wp\/v2\/news\/4660","targetHints":{"allow":["GET"]}}],"collection":[{"href":"https:\/\/globaltaxjustice.org\/es\/wp-json\/wp\/v2\/news"}],"about":[{"href":"https:\/\/globaltaxjustice.org\/es\/wp-json\/wp\/v2\/types\/news"}],"version-history":[{"count":0,"href":"https:\/\/globaltaxjustice.org\/es\/wp-json\/wp\/v2\/news\/4660\/revisions"}],"wp:featuredmedia":[{"embeddable":true,"href":"https:\/\/globaltaxjustice.org\/es\/wp-json\/wp\/v2\/media\/4661"}],"wp:attachment":[{"href":"https:\/\/globaltaxjustice.org\/es\/wp-json\/wp\/v2\/media?parent=4660"}],"wp:term":[{"taxonomy":"thematic-area","embeddable":true,"href":"https:\/\/globaltaxjustice.org\/es\/wp-json\/wp\/v2\/thematic-area?post=4660"},{"taxonomy":"year","embeddable":true,"href":"https:\/\/globaltaxjustice.org\/es\/wp-json\/wp\/v2\/year?post=4660"},{"taxonomy":"resource-type","embeddable":true,"href":"https:\/\/globaltaxjustice.org\/es\/wp-json\/wp\/v2\/resource-type?post=4660"}],"curies":[{"name":"wp","href":"https:\/\/api.w.org\/{rel}","templated":true}]}}