{"id":6836,"date":"2022-08-11T20:53:37","date_gmt":"2022-08-11T20:53:37","guid":{"rendered":"https:\/\/globaltaxjustice.org\/?post_type=news&#038;p=6836"},"modified":"2022-08-11T20:53:37","modified_gmt":"2022-08-11T20:53:37","slug":"escandinavia-evasion-fiscal-y-desigualdad","status":"publish","type":"news","link":"https:\/\/globaltaxjustice.org\/es\/noticias\/escandinavia-evasion-fiscal-y-desigualdad\/","title":{"rendered":"Escandinavia: \u00abEvasi\u00f3n fiscal y desigualdad\u00bb"},"content":{"rendered":"<p><span style=\"font-weight: 400;\">Ayer se public\u00f3 un nuevo estudio sobre Escandinavia que muestra c\u00f3mo \u201cel 0,01% de la poblaci\u00f3n m\u00e1s rico en t\u00e9rminos de distribuci\u00f3n de la riqueza\u2014 un grupo que incluye hogares con m\u00e1s de $40 millones netos de fortuna\u2014 evade alrededor del 30% de su ingreso personal y de sus impuestos a la riqueza\u201d.<\/span><\/p>\n<p><span style=\"font-weight: 400;\">El estudio titulado \u201c<\/span><a href=\"about:blank\"><span style=\"font-weight: 400;\">Evasi\u00f3n fiscal y desigualdad<\/span><\/a><span style=\"font-weight: 400;\">\u201d fue publicado por Annette Alstads\u00e6ter (Universidad Noruega de Ciencias de la Vida), Niels Johannesen (Universidad de Copenhague) y Gabriel Zucman (UC Berkeley y NBER).<\/span><\/p>\n<p><span style=\"font-weight: 400;\">Our new paper on tax evasion and inequality, using Swiss Leaks and Panama Papers, is live!\u00a0<\/span><a href=\"https:\/\/t.co\/6Ej7IEC5Gd\"><span style=\"font-weight: 400;\">https:\/\/t.co\/6Ej7IEC5Gd<\/span><\/a><span style=\"font-weight: 400;\">\u00a0<\/span><a href=\"https:\/\/t.co\/PE5LVqrs0W\"><span style=\"font-weight: 400;\">pic.twitter.com\/PE5LVqrs0W<\/span><\/a><\/p>\n<p><span style=\"font-weight: 400;\">\u2014 Gabriel Zucman (@gabriel_zucman)\u00a0<\/span><a href=\"https:\/\/twitter.com\/gabriel_zucman\/status\/869183738776870912\"><span style=\"font-weight: 400;\">May 29, 2017<\/span><\/a><\/p>\n<p><span style=\"font-weight: 400;\">\u201cEste art\u00edculo, explican los acad\u00e9micos, busca estimar el tama\u00f1o y la distribuci\u00f3n de la evasi\u00f3n fiscal en pa\u00edses ricos. Combinamos auditor\u00edas aleatorias estratificadas -la evasi\u00f3n clave hasta ahora- con nueva informaci\u00f3n obtenida desde dos grandes instituciones financieras offshore, HSBC Suiza (\u201cSwiss leaks\u201d) y Mossack Fonseca (\u201cPanama Papers\u201d).\u00a0 Contrastamos esa informaci\u00f3n con los registros de fortuna de toda la poblaci\u00f3n en Noruega, Suecia y Dinamarca. Y hallamos que la evasi\u00f3n asciende bruscamente junto con la riqueza, un fen\u00f3meno que las auditor\u00edas aleatorias fallan en detectar.\u201d<\/span><\/p>\n<p><span style=\"font-weight: 400;\">El art\u00edculo recibi\u00f3 gran atenci\u00f3n medi\u00e1tica desde ayer y estuvo en la primera plana de uno de los mayores peri\u00f3dicos noruegos, Aftenposten, que entrevist\u00f3 a Sigrid Kl\u00e6boe Jacobsen, l\u00edder de\u00a0<\/span><a href=\"http:\/\/taxjustice.no\/\"><span style=\"font-weight: 400;\">la rama noruega de la Red por Justicia Fiscal.<\/span><\/a><\/p>\n<p><span style=\"font-weight: 400;\">NY UTGAVE: De aller rikeste i Skandinavia unndro seg 30 prosent av skatten de skulle ha betalt i 2006, ansl\u00e5r ny studie.\u00a0<\/span><a href=\"https:\/\/t.co\/Q7ervG198s\"><span style=\"font-weight: 400;\">pic.twitter.com\/Q7ervG198s<\/span><\/a><\/p>\n<p><span style=\"font-weight: 400;\">\u2014 Aftenposten (@Aftenposten)\u00a0<\/span><a href=\"https:\/\/twitter.com\/Aftenposten\/status\/869277865384267779\"><span style=\"font-weight: 400;\">May 29, 2017<\/span><\/a><\/p>\n<p><span style=\"font-weight: 400;\">\u00abLos pol\u00edticos han despertado\u00bb, dijo. Es err\u00f3neo pensar que los contribuyentes noruegos son m\u00e1s \u00e9ticos que los dem\u00e1s\u00bb. Sigrid Kl\u00e6boe Jacobsen apoya que los investigadores hayan trabajado con informaci\u00f3n filtrada, agreg\u00f3 el peri\u00f3dico. \u00abEstas delaciones han hecho que los pol\u00edticos despierten. El acuerdo fiscal en el parlamento noruego el a\u00f1o pasado decidi\u00f3 estudiar el rol de bancos y otros consejeros en planeamiento fiscal internacional. Eso es bueno\u00bb, afirm\u00f3.<\/span><\/p>\n","protected":false},"excerpt":{"rendered":"<p>Ayer se public\u00f3 un nuevo estudio sobre Escandinavia que muestra c\u00f3mo \u201cel 0,01% de la poblaci\u00f3n m\u00e1s rico en t\u00e9rminos de d<\/p>\n","protected":false},"featured_media":6837,"template":"","thematic-area":[124],"year":[115],"resource-type":[],"class_list":["post-6836","news","type-news","status-publish","has-post-thumbnail","hentry","thematic-area-fiscalidad-y-derechos-humanos","year-2017-es"],"acf":[],"yoast_head":"<!-- This site is optimized with the Yoast SEO plugin v27.2 - https:\/\/yoast.com\/product\/yoast-seo-wordpress\/ -->\n<title>Escandinavia: &quot;Evasi\u00f3n fiscal y desigualdad&quot; - Global Tax Justice<\/title>\n<meta name=\"robots\" content=\"index, follow, max-snippet:-1, max-image-preview:large, max-video-preview:-1\" \/>\n<link rel=\"canonical\" href=\"https:\/\/globaltaxjustice.org\/es\/noticias\/escandinavia-evasion-fiscal-y-desigualdad\/\" \/>\n<meta property=\"og:locale\" content=\"es_ES\" \/>\n<meta property=\"og:type\" content=\"article\" \/>\n<meta property=\"og:title\" content=\"Escandinavia: &quot;Evasi\u00f3n fiscal y desigualdad&quot; - Global Tax Justice\" \/>\n<meta property=\"og:description\" content=\"Ayer se public\u00f3 un nuevo estudio sobre Escandinavia que muestra c\u00f3mo \u201cel 0,01% de la poblaci\u00f3n m\u00e1s rico en t\u00e9rminos de d\" \/>\n<meta property=\"og:url\" content=\"https:\/\/globaltaxjustice.org\/es\/noticias\/escandinavia-evasion-fiscal-y-desigualdad\/\" \/>\n<meta property=\"og:site_name\" content=\"Global Tax Justice\" \/>\n<meta property=\"og:image\" content=\"https:\/\/globaltaxjustice.org\/wp-content\/uploads\/2022\/08\/2017-05-30-Escandinavia-Evasion-fiscal-y-desigualdad-ES-IMAGEM.png\" \/>\n\t<meta property=\"og:image:width\" content=\"731\" \/>\n\t<meta property=\"og:image:height\" content=\"412\" \/>\n\t<meta property=\"og:image:type\" content=\"image\/png\" \/>\n<meta name=\"twitter:card\" content=\"summary_large_image\" \/>\n<meta name=\"twitter:label1\" content=\"Est. reading time\" \/>\n\t<meta name=\"twitter:data1\" content=\"2 minutos\" \/>\n<script type=\"application\/ld+json\" class=\"yoast-schema-graph\">{\"@context\":\"https:\/\/schema.org\",\"@graph\":[{\"@type\":\"WebPage\",\"@id\":\"https:\/\/globaltaxjustice.org\/es\/noticias\/escandinavia-evasion-fiscal-y-desigualdad\/\",\"url\":\"https:\/\/globaltaxjustice.org\/es\/noticias\/escandinavia-evasion-fiscal-y-desigualdad\/\",\"name\":\"Escandinavia: \\\"Evasi\u00f3n fiscal y desigualdad\\\" - Global Tax Justice\",\"isPartOf\":{\"@id\":\"https:\/\/globaltaxjustice.org\/es\/#website\"},\"primaryImageOfPage\":{\"@id\":\"https:\/\/globaltaxjustice.org\/es\/noticias\/escandinavia-evasion-fiscal-y-desigualdad\/#primaryimage\"},\"image\":{\"@id\":\"https:\/\/globaltaxjustice.org\/es\/noticias\/escandinavia-evasion-fiscal-y-desigualdad\/#primaryimage\"},\"thumbnailUrl\":\"https:\/\/globaltaxjustice.org\/wp-content\/uploads\/2022\/08\/2017-05-30-Escandinavia-Evasion-fiscal-y-desigualdad-ES-IMAGEM.png\",\"datePublished\":\"2022-08-11T20:53:37+00:00\",\"breadcrumb\":{\"@id\":\"https:\/\/globaltaxjustice.org\/es\/noticias\/escandinavia-evasion-fiscal-y-desigualdad\/#breadcrumb\"},\"inLanguage\":\"es\",\"potentialAction\":[{\"@type\":\"ReadAction\",\"target\":[\"https:\/\/globaltaxjustice.org\/es\/noticias\/escandinavia-evasion-fiscal-y-desigualdad\/\"]}]},{\"@type\":\"ImageObject\",\"inLanguage\":\"es\",\"@id\":\"https:\/\/globaltaxjustice.org\/es\/noticias\/escandinavia-evasion-fiscal-y-desigualdad\/#primaryimage\",\"url\":\"https:\/\/globaltaxjustice.org\/wp-content\/uploads\/2022\/08\/2017-05-30-Escandinavia-Evasion-fiscal-y-desigualdad-ES-IMAGEM.png\",\"contentUrl\":\"https:\/\/globaltaxjustice.org\/wp-content\/uploads\/2022\/08\/2017-05-30-Escandinavia-Evasion-fiscal-y-desigualdad-ES-IMAGEM.png\",\"width\":731,\"height\":412},{\"@type\":\"BreadcrumbList\",\"@id\":\"https:\/\/globaltaxjustice.org\/es\/noticias\/escandinavia-evasion-fiscal-y-desigualdad\/#breadcrumb\",\"itemListElement\":[{\"@type\":\"ListItem\",\"position\":1,\"name\":\"Home\",\"item\":\"https:\/\/globaltaxjustice.org\/es\/\"},{\"@type\":\"ListItem\",\"position\":2,\"name\":\"News\",\"item\":\"https:\/\/globaltaxjustice.org\/es\/noticias\/\"},{\"@type\":\"ListItem\",\"position\":3,\"name\":\"Escandinavia: &#8220;Evasi\u00f3n fiscal y desigualdad&#8221;\"}]},{\"@type\":\"WebSite\",\"@id\":\"https:\/\/globaltaxjustice.org\/es\/#website\",\"url\":\"https:\/\/globaltaxjustice.org\/es\/\",\"name\":\"Global Tax Justice\",\"description\":\"Just another WordPress site\",\"publisher\":{\"@id\":\"https:\/\/globaltaxjustice.org\/es\/#organization\"},\"potentialAction\":[{\"@type\":\"SearchAction\",\"target\":{\"@type\":\"EntryPoint\",\"urlTemplate\":\"https:\/\/globaltaxjustice.org\/es\/?s={search_term_string}\"},\"query-input\":{\"@type\":\"PropertyValueSpecification\",\"valueRequired\":true,\"valueName\":\"search_term_string\"}}],\"inLanguage\":\"es\"},{\"@type\":\"Organization\",\"@id\":\"https:\/\/globaltaxjustice.org\/es\/#organization\",\"name\":\"Global Tax Justice\",\"url\":\"https:\/\/globaltaxjustice.org\/es\/\",\"logo\":{\"@type\":\"ImageObject\",\"inLanguage\":\"es\",\"@id\":\"https:\/\/globaltaxjustice.org\/es\/#\/schema\/logo\/image\/\",\"url\":\"https:\/\/globaltaxjustice.org\/wp-content\/uploads\/2024\/10\/logo_header.svg\",\"contentUrl\":\"https:\/\/globaltaxjustice.org\/wp-content\/uploads\/2024\/10\/logo_header.svg\",\"width\":229,\"height\":40,\"caption\":\"Global Tax Justice\"},\"image\":{\"@id\":\"https:\/\/globaltaxjustice.org\/es\/#\/schema\/logo\/image\/\"}}]}<\/script>\n<!-- \/ Yoast SEO plugin. -->","yoast_head_json":{"title":"Escandinavia: \"Evasi\u00f3n fiscal y desigualdad\" - Global Tax Justice","robots":{"index":"index","follow":"follow","max-snippet":"max-snippet:-1","max-image-preview":"max-image-preview:large","max-video-preview":"max-video-preview:-1"},"canonical":"https:\/\/globaltaxjustice.org\/es\/noticias\/escandinavia-evasion-fiscal-y-desigualdad\/","og_locale":"es_ES","og_type":"article","og_title":"Escandinavia: \"Evasi\u00f3n fiscal y desigualdad\" - Global Tax Justice","og_description":"Ayer se public\u00f3 un nuevo estudio sobre Escandinavia que muestra c\u00f3mo \u201cel 0,01% de la poblaci\u00f3n m\u00e1s rico en t\u00e9rminos de d","og_url":"https:\/\/globaltaxjustice.org\/es\/noticias\/escandinavia-evasion-fiscal-y-desigualdad\/","og_site_name":"Global Tax Justice","og_image":[{"width":731,"height":412,"url":"https:\/\/globaltaxjustice.org\/wp-content\/uploads\/2022\/08\/2017-05-30-Escandinavia-Evasion-fiscal-y-desigualdad-ES-IMAGEM.png","type":"image\/png"}],"twitter_card":"summary_large_image","twitter_misc":{"Est. reading time":"2 minutos"},"schema":{"@context":"https:\/\/schema.org","@graph":[{"@type":"WebPage","@id":"https:\/\/globaltaxjustice.org\/es\/noticias\/escandinavia-evasion-fiscal-y-desigualdad\/","url":"https:\/\/globaltaxjustice.org\/es\/noticias\/escandinavia-evasion-fiscal-y-desigualdad\/","name":"Escandinavia: \"Evasi\u00f3n fiscal y desigualdad\" - Global Tax Justice","isPartOf":{"@id":"https:\/\/globaltaxjustice.org\/es\/#website"},"primaryImageOfPage":{"@id":"https:\/\/globaltaxjustice.org\/es\/noticias\/escandinavia-evasion-fiscal-y-desigualdad\/#primaryimage"},"image":{"@id":"https:\/\/globaltaxjustice.org\/es\/noticias\/escandinavia-evasion-fiscal-y-desigualdad\/#primaryimage"},"thumbnailUrl":"https:\/\/globaltaxjustice.org\/wp-content\/uploads\/2022\/08\/2017-05-30-Escandinavia-Evasion-fiscal-y-desigualdad-ES-IMAGEM.png","datePublished":"2022-08-11T20:53:37+00:00","breadcrumb":{"@id":"https:\/\/globaltaxjustice.org\/es\/noticias\/escandinavia-evasion-fiscal-y-desigualdad\/#breadcrumb"},"inLanguage":"es","potentialAction":[{"@type":"ReadAction","target":["https:\/\/globaltaxjustice.org\/es\/noticias\/escandinavia-evasion-fiscal-y-desigualdad\/"]}]},{"@type":"ImageObject","inLanguage":"es","@id":"https:\/\/globaltaxjustice.org\/es\/noticias\/escandinavia-evasion-fiscal-y-desigualdad\/#primaryimage","url":"https:\/\/globaltaxjustice.org\/wp-content\/uploads\/2022\/08\/2017-05-30-Escandinavia-Evasion-fiscal-y-desigualdad-ES-IMAGEM.png","contentUrl":"https:\/\/globaltaxjustice.org\/wp-content\/uploads\/2022\/08\/2017-05-30-Escandinavia-Evasion-fiscal-y-desigualdad-ES-IMAGEM.png","width":731,"height":412},{"@type":"BreadcrumbList","@id":"https:\/\/globaltaxjustice.org\/es\/noticias\/escandinavia-evasion-fiscal-y-desigualdad\/#breadcrumb","itemListElement":[{"@type":"ListItem","position":1,"name":"Home","item":"https:\/\/globaltaxjustice.org\/es\/"},{"@type":"ListItem","position":2,"name":"News","item":"https:\/\/globaltaxjustice.org\/es\/noticias\/"},{"@type":"ListItem","position":3,"name":"Escandinavia: &#8220;Evasi\u00f3n fiscal y desigualdad&#8221;"}]},{"@type":"WebSite","@id":"https:\/\/globaltaxjustice.org\/es\/#website","url":"https:\/\/globaltaxjustice.org\/es\/","name":"Global Tax Justice","description":"Just another WordPress site","publisher":{"@id":"https:\/\/globaltaxjustice.org\/es\/#organization"},"potentialAction":[{"@type":"SearchAction","target":{"@type":"EntryPoint","urlTemplate":"https:\/\/globaltaxjustice.org\/es\/?s={search_term_string}"},"query-input":{"@type":"PropertyValueSpecification","valueRequired":true,"valueName":"search_term_string"}}],"inLanguage":"es"},{"@type":"Organization","@id":"https:\/\/globaltaxjustice.org\/es\/#organization","name":"Global Tax Justice","url":"https:\/\/globaltaxjustice.org\/es\/","logo":{"@type":"ImageObject","inLanguage":"es","@id":"https:\/\/globaltaxjustice.org\/es\/#\/schema\/logo\/image\/","url":"https:\/\/globaltaxjustice.org\/wp-content\/uploads\/2024\/10\/logo_header.svg","contentUrl":"https:\/\/globaltaxjustice.org\/wp-content\/uploads\/2024\/10\/logo_header.svg","width":229,"height":40,"caption":"Global Tax Justice"},"image":{"@id":"https:\/\/globaltaxjustice.org\/es\/#\/schema\/logo\/image\/"}}]}},"_links":{"self":[{"href":"https:\/\/globaltaxjustice.org\/es\/wp-json\/wp\/v2\/news\/6836","targetHints":{"allow":["GET"]}}],"collection":[{"href":"https:\/\/globaltaxjustice.org\/es\/wp-json\/wp\/v2\/news"}],"about":[{"href":"https:\/\/globaltaxjustice.org\/es\/wp-json\/wp\/v2\/types\/news"}],"version-history":[{"count":0,"href":"https:\/\/globaltaxjustice.org\/es\/wp-json\/wp\/v2\/news\/6836\/revisions"}],"wp:featuredmedia":[{"embeddable":true,"href":"https:\/\/globaltaxjustice.org\/es\/wp-json\/wp\/v2\/media\/6837"}],"wp:attachment":[{"href":"https:\/\/globaltaxjustice.org\/es\/wp-json\/wp\/v2\/media?parent=6836"}],"wp:term":[{"taxonomy":"thematic-area","embeddable":true,"href":"https:\/\/globaltaxjustice.org\/es\/wp-json\/wp\/v2\/thematic-area?post=6836"},{"taxonomy":"year","embeddable":true,"href":"https:\/\/globaltaxjustice.org\/es\/wp-json\/wp\/v2\/year?post=6836"},{"taxonomy":"resource-type","embeddable":true,"href":"https:\/\/globaltaxjustice.org\/es\/wp-json\/wp\/v2\/resource-type?post=6836"}],"curies":[{"name":"wp","href":"https:\/\/api.w.org\/{rel}","templated":true}]}}