{"id":9551,"date":"2022-08-27T20:12:38","date_gmt":"2022-08-27T20:12:38","guid":{"rendered":"https:\/\/globaltaxjustice.org\/?post_type=news&#038;p=9551"},"modified":"2022-08-27T20:12:38","modified_gmt":"2022-08-27T20:12:38","slug":"presupuestos-con-enfoque-de-genero-una-herramienta-clave-para-la-igualdad-de-genero","status":"publish","type":"news","link":"https:\/\/globaltaxjustice.org\/es\/noticias\/presupuestos-con-enfoque-de-genero-una-herramienta-clave-para-la-igualdad-de-genero\/","title":{"rendered":"Presupuestos con enfoque de g\u00e9nero: una herramienta clave para la igualdad de g\u00e9nero"},"content":{"rendered":"<p><i><span style=\"font-weight: 400;\">Por Julieta Izcurdia<\/span><\/i><\/p>\n<p><span style=\"font-weight: 400;\">Desde mediados de los noventa, m\u00e1s de 50 pa\u00edses se han comprometido en alg\u00fan tipo de iniciativas de presupuestos con perspectiva de g\u00e9nero. En estos avances, el rol de la sociedad civil fue fundamental para examinar c\u00f3mo los presupuestos pueden eliminar las brechas de g\u00e9nero, promover la igualdad y revertir la discriminaci\u00f3n en el acceso a derechos.<\/span><\/p>\n<p><span style=\"font-weight: 400;\">En este trabajo, para proporcionar herramientas accesibles y pr\u00e1cticas que permitan comprender el presupuesto y faciliten la incidencia y el activismo para impulsar acciones hacia un gasto p\u00fablico m\u00e1s justo y equitativo, la Asociaci\u00f3n Civil por la Igualdad y la Justicia en Argentina public\u00f3 \u201c<\/span><a href=\"http:\/\/globaltaxjustice.org\/wp-content\/uploads\/2022\/08\/2020-0_1.pdf\"><span style=\"font-weight: 400;\">An\u00e1lisis presupuestario con perspectiva de g\u00e9nero. Manual para activistas y organizaciones de la sociedad civil\u201d<\/span><\/a><span style=\"font-weight: 400;\">.<\/span><\/p>\n<p><span style=\"font-weight: 400;\">La gu\u00eda ofrece herramientas para analizar el presupuesto partiendo de una problem\u00e1tica o violaci\u00f3n a los derechos de las mujeres y cuenta con una secci\u00f3n te\u00f3rica y otra pr\u00e1ctica. En la primera se explica el ciclo presupuestario, la identificaci\u00f3n de la informaci\u00f3n que proporcionan los documentos m\u00e1s relevantes de cada etapa y las oportunidades de incidencia. En la secci\u00f3n pr\u00e1ctica se propone la aplicaci\u00f3n de una metodolog\u00eda que, partiendo de\u00a0<\/span><\/p>\n<p><span style=\"font-weight: 400;\">Para hacer m\u00e1s accesible su uso, el manual cuenta con ejemplos, videos tutoriales, y est\u00e1 disponible online con todos los enlaces necesarios para acceder a la informaci\u00f3n relevante para el an\u00e1lisis.\u00a0<\/span><b>Si bien los ejemplos se enfocan en el presupuesto nacional, la metodolog\u00eda propuesta es perfectamente replicable para el estudio de los recursos de otros niveles de gobierno u otros sistemas presupuestarios homologables.<\/b><\/p>\n<p><span style=\"font-weight: 400;\">Elaboramos esta gu\u00eda porque creemos que el an\u00e1lisis presupuestario es una herramienta muy valiosa para el activismo, que ha dado buenos resultados cuando la utilizamos en coalici\u00f3n en defensa de los derechos de las mujeres y de los grupos m\u00e1s desaventajados de la sociedad. Activistas de diferentes disciplinas podemos analizar el presupuesto y hacer incidencia con ese an\u00e1lisis. Por ejemplo, el activismo llevado adelante durante 2018 junto a un grupo de organizaciones de mujeres, condujo a que el Congreso aumente las asignaciones inicialmente proyectadas por el Poder Ejecutivo Nacional en la Ley de Presupuesto 2019 para el Instituto Nacional de las Mujeres, que ten\u00edan una proyecci\u00f3n muy por debajo de la asignaci\u00f3n aprobada para 2018.<\/span><\/p>\n<p><b>Los esfuerzos por analizar los presupuestos p\u00fablicos desde una perspectiva de g\u00e9nero forman parte de iniciativas m\u00e1s generales que buscan integrar un enfoque de derechos humanos a los presupuestos y mostrar c\u00f3mo el gasto p\u00fablico y la recaudaci\u00f3n est\u00e1n directamente conectados con la garant\u00eda de los derechos.<\/b><span style=\"font-weight: 400;\">\u00a0Por supuesto que los presupuestos tambi\u00e9n deben tener en cuenta otras variables, que adem\u00e1s tienen interseccionalidades con el g\u00e9nero, como la raza, la etnia, la orientaci\u00f3n sexual, la condici\u00f3n socioecon\u00f3mica, la discapacidad, la edad, etc.<\/span><\/p>\n<p><a href=\"https:\/\/www.youtube.com\/channel\/UC5NK4eTHKUhpmugfrsoNfQw?feature=emb_ch_name_ex\"><span style=\"font-weight: 400;\">https:\/\/www.youtube.com\/channel\/UC5NK4eTHKUhpmugfrsoNfQw?feature=emb_ch_name_ex<\/span><\/a><\/p>\n\n<p><span style=\"font-weight: 400;\">Los Estados han recibido m\u00faltiples recomendaciones sobre la necesidad de implementar presupuestos sensibles al g\u00e9nero, garantizar que las mujeres tengan igual voz en definir c\u00f3mo se gastan los fondos p\u00fablicos, y llevar a cabo evaluaciones de impacto de g\u00e9nero tanto de la legislaci\u00f3n como de la pol\u00edtica p\u00fablica presupuestaria. Tanto las leyes como las pol\u00edticas y las pr\u00e1cticas fiscales deben estar orientadas a poner fin a la discriminaci\u00f3n estructural en lugar de consolidar las desigualdades de g\u00e9nero, \u00e9tnicas, etarias, o econ\u00f3micas.<\/span><\/p>\n<p><span style=\"font-weight: 400;\">Esperamos que este manual sirva para que m\u00e1s organizaciones y activistas se sumen a analizar el presupuesto con enfoque de derechos, y seamos cada vez m\u00e1s quienes trabajemos en la promoci\u00f3n de un gasto p\u00fablico m\u00e1s justo y equitativo, para que m\u00e1s pa\u00edses se comprometan realmente con pol\u00edticas que garanticen la igualdad.<\/span><\/p>\n<p><i><span style=\"font-weight: 400;\">Julieta Izcurdia es abogada del \u00e1rea de Derechos Econ\u00f3micos, Sociales y Culturales en Asociaci\u00f3n Civil por la Igualdad y la Justicia (ACIJ) en Argentina<\/span><\/i><\/p>\n","protected":false},"excerpt":{"rendered":"<p>Desde mediados de los noventa, m\u00e1s de 50 pa\u00edses se han comprometido en alg\u00fan tipo de iniciativas de presupuestos con per<\/p>\n","protected":false},"featured_media":9552,"template":"","thematic-area":[136,122],"year":[118],"resource-type":[],"class_list":["post-9551","news","type-news","status-publish","has-post-thumbnail","hentry","thematic-area-convencion-fiscal-de-la-onu","thematic-area-fiscalidad-y-extractivas","year-2020-es"],"acf":[],"yoast_head":"<!-- This site is optimized with the Yoast SEO plugin v27.2 - https:\/\/yoast.com\/product\/yoast-seo-wordpress\/ -->\n<title>Presupuestos con enfoque de g\u00e9nero: una herramienta clave para la igualdad de g\u00e9nero - Global Tax Justice<\/title>\n<meta name=\"robots\" content=\"index, follow, max-snippet:-1, max-image-preview:large, max-video-preview:-1\" \/>\n<link rel=\"canonical\" href=\"https:\/\/globaltaxjustice.org\/es\/noticias\/presupuestos-con-enfoque-de-genero-una-herramienta-clave-para-la-igualdad-de-genero\/\" \/>\n<meta property=\"og:locale\" content=\"es_ES\" \/>\n<meta property=\"og:type\" content=\"article\" \/>\n<meta property=\"og:title\" content=\"Presupuestos con enfoque de g\u00e9nero: una herramienta clave para la igualdad de g\u00e9nero - Global Tax Justice\" \/>\n<meta property=\"og:description\" content=\"Desde mediados de los noventa, m\u00e1s de 50 pa\u00edses se han comprometido en alg\u00fan tipo de iniciativas de presupuestos con per\" \/>\n<meta property=\"og:url\" content=\"https:\/\/globaltaxjustice.org\/es\/noticias\/presupuestos-con-enfoque-de-genero-una-herramienta-clave-para-la-igualdad-de-genero\/\" \/>\n<meta property=\"og:site_name\" content=\"Global Tax Justice\" \/>\n<meta property=\"og:image\" content=\"https:\/\/globaltaxjustice.org\/wp-content\/uploads\/2022\/08\/2020-04-03-Presupuestos-con-enfoque-de-genero-una-herramienta-clave-para-la-igualdad-de-genero-ES-IMAGEM-2.jpg\" \/>\n\t<meta property=\"og:image:width\" content=\"1024\" \/>\n\t<meta property=\"og:image:height\" content=\"683\" \/>\n\t<meta property=\"og:image:type\" content=\"image\/jpeg\" \/>\n<meta name=\"twitter:card\" content=\"summary_large_image\" \/>\n<meta name=\"twitter:label1\" content=\"Est. reading time\" \/>\n\t<meta name=\"twitter:data1\" content=\"3 minutos\" \/>\n<script type=\"application\/ld+json\" class=\"yoast-schema-graph\">{\"@context\":\"https:\/\/schema.org\",\"@graph\":[{\"@type\":\"WebPage\",\"@id\":\"https:\/\/globaltaxjustice.org\/es\/noticias\/presupuestos-con-enfoque-de-genero-una-herramienta-clave-para-la-igualdad-de-genero\/\",\"url\":\"https:\/\/globaltaxjustice.org\/es\/noticias\/presupuestos-con-enfoque-de-genero-una-herramienta-clave-para-la-igualdad-de-genero\/\",\"name\":\"Presupuestos con enfoque de g\u00e9nero: una herramienta clave para la igualdad de g\u00e9nero - Global Tax Justice\",\"isPartOf\":{\"@id\":\"https:\/\/globaltaxjustice.org\/es\/#website\"},\"primaryImageOfPage\":{\"@id\":\"https:\/\/globaltaxjustice.org\/es\/noticias\/presupuestos-con-enfoque-de-genero-una-herramienta-clave-para-la-igualdad-de-genero\/#primaryimage\"},\"image\":{\"@id\":\"https:\/\/globaltaxjustice.org\/es\/noticias\/presupuestos-con-enfoque-de-genero-una-herramienta-clave-para-la-igualdad-de-genero\/#primaryimage\"},\"thumbnailUrl\":\"https:\/\/globaltaxjustice.org\/wp-content\/uploads\/2022\/08\/2020-04-03-Presupuestos-con-enfoque-de-genero-una-herramienta-clave-para-la-igualdad-de-genero-ES-IMAGEM-2.jpg\",\"datePublished\":\"2022-08-27T20:12:38+00:00\",\"breadcrumb\":{\"@id\":\"https:\/\/globaltaxjustice.org\/es\/noticias\/presupuestos-con-enfoque-de-genero-una-herramienta-clave-para-la-igualdad-de-genero\/#breadcrumb\"},\"inLanguage\":\"es\",\"potentialAction\":[{\"@type\":\"ReadAction\",\"target\":[\"https:\/\/globaltaxjustice.org\/es\/noticias\/presupuestos-con-enfoque-de-genero-una-herramienta-clave-para-la-igualdad-de-genero\/\"]}]},{\"@type\":\"ImageObject\",\"inLanguage\":\"es\",\"@id\":\"https:\/\/globaltaxjustice.org\/es\/noticias\/presupuestos-con-enfoque-de-genero-una-herramienta-clave-para-la-igualdad-de-genero\/#primaryimage\",\"url\":\"https:\/\/globaltaxjustice.org\/wp-content\/uploads\/2022\/08\/2020-04-03-Presupuestos-con-enfoque-de-genero-una-herramienta-clave-para-la-igualdad-de-genero-ES-IMAGEM-2.jpg\",\"contentUrl\":\"https:\/\/globaltaxjustice.org\/wp-content\/uploads\/2022\/08\/2020-04-03-Presupuestos-con-enfoque-de-genero-una-herramienta-clave-para-la-igualdad-de-genero-ES-IMAGEM-2.jpg\",\"width\":1024,\"height\":683},{\"@type\":\"BreadcrumbList\",\"@id\":\"https:\/\/globaltaxjustice.org\/es\/noticias\/presupuestos-con-enfoque-de-genero-una-herramienta-clave-para-la-igualdad-de-genero\/#breadcrumb\",\"itemListElement\":[{\"@type\":\"ListItem\",\"position\":1,\"name\":\"Home\",\"item\":\"https:\/\/globaltaxjustice.org\/es\/\"},{\"@type\":\"ListItem\",\"position\":2,\"name\":\"News\",\"item\":\"https:\/\/globaltaxjustice.org\/es\/noticias\/\"},{\"@type\":\"ListItem\",\"position\":3,\"name\":\"Presupuestos con enfoque de g\u00e9nero: una herramienta clave para la igualdad de g\u00e9nero\"}]},{\"@type\":\"WebSite\",\"@id\":\"https:\/\/globaltaxjustice.org\/es\/#website\",\"url\":\"https:\/\/globaltaxjustice.org\/es\/\",\"name\":\"Global Tax Justice\",\"description\":\"Just another WordPress site\",\"publisher\":{\"@id\":\"https:\/\/globaltaxjustice.org\/es\/#organization\"},\"potentialAction\":[{\"@type\":\"SearchAction\",\"target\":{\"@type\":\"EntryPoint\",\"urlTemplate\":\"https:\/\/globaltaxjustice.org\/es\/?s={search_term_string}\"},\"query-input\":{\"@type\":\"PropertyValueSpecification\",\"valueRequired\":true,\"valueName\":\"search_term_string\"}}],\"inLanguage\":\"es\"},{\"@type\":\"Organization\",\"@id\":\"https:\/\/globaltaxjustice.org\/es\/#organization\",\"name\":\"Global Tax Justice\",\"url\":\"https:\/\/globaltaxjustice.org\/es\/\",\"logo\":{\"@type\":\"ImageObject\",\"inLanguage\":\"es\",\"@id\":\"https:\/\/globaltaxjustice.org\/es\/#\/schema\/logo\/image\/\",\"url\":\"https:\/\/globaltaxjustice.org\/wp-content\/uploads\/2024\/10\/logo_header.svg\",\"contentUrl\":\"https:\/\/globaltaxjustice.org\/wp-content\/uploads\/2024\/10\/logo_header.svg\",\"width\":229,\"height\":40,\"caption\":\"Global Tax Justice\"},\"image\":{\"@id\":\"https:\/\/globaltaxjustice.org\/es\/#\/schema\/logo\/image\/\"}}]}<\/script>\n<!-- \/ Yoast SEO plugin. -->","yoast_head_json":{"title":"Presupuestos con enfoque de g\u00e9nero: una herramienta clave para la igualdad de g\u00e9nero - Global Tax Justice","robots":{"index":"index","follow":"follow","max-snippet":"max-snippet:-1","max-image-preview":"max-image-preview:large","max-video-preview":"max-video-preview:-1"},"canonical":"https:\/\/globaltaxjustice.org\/es\/noticias\/presupuestos-con-enfoque-de-genero-una-herramienta-clave-para-la-igualdad-de-genero\/","og_locale":"es_ES","og_type":"article","og_title":"Presupuestos con enfoque de g\u00e9nero: una herramienta clave para la igualdad de g\u00e9nero - Global Tax Justice","og_description":"Desde mediados de los noventa, m\u00e1s de 50 pa\u00edses se han comprometido en alg\u00fan tipo de iniciativas de presupuestos con per","og_url":"https:\/\/globaltaxjustice.org\/es\/noticias\/presupuestos-con-enfoque-de-genero-una-herramienta-clave-para-la-igualdad-de-genero\/","og_site_name":"Global Tax Justice","og_image":[{"width":1024,"height":683,"url":"https:\/\/globaltaxjustice.org\/wp-content\/uploads\/2022\/08\/2020-04-03-Presupuestos-con-enfoque-de-genero-una-herramienta-clave-para-la-igualdad-de-genero-ES-IMAGEM-2.jpg","type":"image\/jpeg"}],"twitter_card":"summary_large_image","twitter_misc":{"Est. reading time":"3 minutos"},"schema":{"@context":"https:\/\/schema.org","@graph":[{"@type":"WebPage","@id":"https:\/\/globaltaxjustice.org\/es\/noticias\/presupuestos-con-enfoque-de-genero-una-herramienta-clave-para-la-igualdad-de-genero\/","url":"https:\/\/globaltaxjustice.org\/es\/noticias\/presupuestos-con-enfoque-de-genero-una-herramienta-clave-para-la-igualdad-de-genero\/","name":"Presupuestos con enfoque de g\u00e9nero: una herramienta clave para la igualdad de g\u00e9nero - Global Tax Justice","isPartOf":{"@id":"https:\/\/globaltaxjustice.org\/es\/#website"},"primaryImageOfPage":{"@id":"https:\/\/globaltaxjustice.org\/es\/noticias\/presupuestos-con-enfoque-de-genero-una-herramienta-clave-para-la-igualdad-de-genero\/#primaryimage"},"image":{"@id":"https:\/\/globaltaxjustice.org\/es\/noticias\/presupuestos-con-enfoque-de-genero-una-herramienta-clave-para-la-igualdad-de-genero\/#primaryimage"},"thumbnailUrl":"https:\/\/globaltaxjustice.org\/wp-content\/uploads\/2022\/08\/2020-04-03-Presupuestos-con-enfoque-de-genero-una-herramienta-clave-para-la-igualdad-de-genero-ES-IMAGEM-2.jpg","datePublished":"2022-08-27T20:12:38+00:00","breadcrumb":{"@id":"https:\/\/globaltaxjustice.org\/es\/noticias\/presupuestos-con-enfoque-de-genero-una-herramienta-clave-para-la-igualdad-de-genero\/#breadcrumb"},"inLanguage":"es","potentialAction":[{"@type":"ReadAction","target":["https:\/\/globaltaxjustice.org\/es\/noticias\/presupuestos-con-enfoque-de-genero-una-herramienta-clave-para-la-igualdad-de-genero\/"]}]},{"@type":"ImageObject","inLanguage":"es","@id":"https:\/\/globaltaxjustice.org\/es\/noticias\/presupuestos-con-enfoque-de-genero-una-herramienta-clave-para-la-igualdad-de-genero\/#primaryimage","url":"https:\/\/globaltaxjustice.org\/wp-content\/uploads\/2022\/08\/2020-04-03-Presupuestos-con-enfoque-de-genero-una-herramienta-clave-para-la-igualdad-de-genero-ES-IMAGEM-2.jpg","contentUrl":"https:\/\/globaltaxjustice.org\/wp-content\/uploads\/2022\/08\/2020-04-03-Presupuestos-con-enfoque-de-genero-una-herramienta-clave-para-la-igualdad-de-genero-ES-IMAGEM-2.jpg","width":1024,"height":683},{"@type":"BreadcrumbList","@id":"https:\/\/globaltaxjustice.org\/es\/noticias\/presupuestos-con-enfoque-de-genero-una-herramienta-clave-para-la-igualdad-de-genero\/#breadcrumb","itemListElement":[{"@type":"ListItem","position":1,"name":"Home","item":"https:\/\/globaltaxjustice.org\/es\/"},{"@type":"ListItem","position":2,"name":"News","item":"https:\/\/globaltaxjustice.org\/es\/noticias\/"},{"@type":"ListItem","position":3,"name":"Presupuestos con enfoque de g\u00e9nero: una herramienta clave para la igualdad de g\u00e9nero"}]},{"@type":"WebSite","@id":"https:\/\/globaltaxjustice.org\/es\/#website","url":"https:\/\/globaltaxjustice.org\/es\/","name":"Global Tax Justice","description":"Just another WordPress site","publisher":{"@id":"https:\/\/globaltaxjustice.org\/es\/#organization"},"potentialAction":[{"@type":"SearchAction","target":{"@type":"EntryPoint","urlTemplate":"https:\/\/globaltaxjustice.org\/es\/?s={search_term_string}"},"query-input":{"@type":"PropertyValueSpecification","valueRequired":true,"valueName":"search_term_string"}}],"inLanguage":"es"},{"@type":"Organization","@id":"https:\/\/globaltaxjustice.org\/es\/#organization","name":"Global Tax Justice","url":"https:\/\/globaltaxjustice.org\/es\/","logo":{"@type":"ImageObject","inLanguage":"es","@id":"https:\/\/globaltaxjustice.org\/es\/#\/schema\/logo\/image\/","url":"https:\/\/globaltaxjustice.org\/wp-content\/uploads\/2024\/10\/logo_header.svg","contentUrl":"https:\/\/globaltaxjustice.org\/wp-content\/uploads\/2024\/10\/logo_header.svg","width":229,"height":40,"caption":"Global Tax Justice"},"image":{"@id":"https:\/\/globaltaxjustice.org\/es\/#\/schema\/logo\/image\/"}}]}},"_links":{"self":[{"href":"https:\/\/globaltaxjustice.org\/es\/wp-json\/wp\/v2\/news\/9551","targetHints":{"allow":["GET"]}}],"collection":[{"href":"https:\/\/globaltaxjustice.org\/es\/wp-json\/wp\/v2\/news"}],"about":[{"href":"https:\/\/globaltaxjustice.org\/es\/wp-json\/wp\/v2\/types\/news"}],"version-history":[{"count":0,"href":"https:\/\/globaltaxjustice.org\/es\/wp-json\/wp\/v2\/news\/9551\/revisions"}],"wp:featuredmedia":[{"embeddable":true,"href":"https:\/\/globaltaxjustice.org\/es\/wp-json\/wp\/v2\/media\/9552"}],"wp:attachment":[{"href":"https:\/\/globaltaxjustice.org\/es\/wp-json\/wp\/v2\/media?parent=9551"}],"wp:term":[{"taxonomy":"thematic-area","embeddable":true,"href":"https:\/\/globaltaxjustice.org\/es\/wp-json\/wp\/v2\/thematic-area?post=9551"},{"taxonomy":"year","embeddable":true,"href":"https:\/\/globaltaxjustice.org\/es\/wp-json\/wp\/v2\/year?post=9551"},{"taxonomy":"resource-type","embeddable":true,"href":"https:\/\/globaltaxjustice.org\/es\/wp-json\/wp\/v2\/resource-type?post=9551"}],"curies":[{"name":"wp","href":"https:\/\/api.w.org\/{rel}","templated":true}]}}