{"id":9575,"date":"2022-08-27T20:19:29","date_gmt":"2022-08-27T20:19:29","guid":{"rendered":"https:\/\/globaltaxjustice.org\/?post_type=news&#038;p=9575"},"modified":"2022-08-27T20:19:29","modified_gmt":"2022-08-27T20:19:29","slug":"isp-analiza-el-avance-de-la-agenda-de-igualdad-de-genero-en-peru","status":"publish","type":"news","link":"https:\/\/globaltaxjustice.org\/es\/noticias\/isp-analiza-el-avance-de-la-agenda-de-igualdad-de-genero-en-peru\/","title":{"rendered":"ISP analiza el avance de la agenda de igualdad de g\u00e9nero en Per\u00fa"},"content":{"rendered":"<p><span style=\"font-weight: 400;\">En 2020, se complet\u00f3 25 a\u00f1os desde el inicio de la implementaci\u00f3n de la\u00a0<\/span><b>Declaraci\u00f3n y Plataforma de Acci\u00f3n de Beijing<\/b><span style=\"font-weight: 400;\">, un plan de las Naciones Unidas adoptado por pa\u00edses miembros en 1995 para\u00a0<\/span><b>promover los derechos de la mujer<\/b><span style=\"font-weight: 400;\">. En ese contexto, la\u00a0<\/span><b>Internacional de Servicios P\u00fablicos<\/b><span style=\"font-weight: 400;\">, nuestro aliada en la campa\u00f1a\u00a0<\/span><a href=\"https:\/\/www.globaltaxjustice.org\/es\/action\/jornadas-impuestos-mujeres\"><span style=\"font-weight: 400;\">Por un sistema fiscal feminista<\/span><\/a><span style=\"font-weight: 400;\">, realiz\u00f3 un\u00a0<\/span><b>an\u00e1lisis del informe nacional publicado por el gobierno de Per\u00fa\u00a0<\/b><span style=\"font-weight: 400;\">sobre los avances en la aplicaci\u00f3n de la agenda de los derechos de las mujeres.\u00a0<\/span><\/p>\n<p><span style=\"font-weight: 400;\">El estudio se hizo de una\u00a0<\/span><b>perspectiva de justicia fiscal<\/b><span style=\"font-weight: 400;\">, a partir de indicadores-clave, como el financiamiento de servicios p\u00fablicos que benefician a las mujeres y ni\u00f1as y medidas tributarias que pueden impactarlas. La justicia fiscal es una forma de combatir la desigualdad de g\u00e9nero y debe ser\u00a0<\/span><b>parte integral de la lucha por los derechos de las mujeres<\/b><span style=\"font-weight: 400;\">.\u00a0<\/span><\/p>\n<p><b>Mar\u00eda Rosario D\u00e1vila Loayza<\/b><span style=\"font-weight: 400;\">, coordinadora del Comit\u00e9 Nacional Mujeres ISP Per\u00fa y una de las responsables por el estudio, escribi\u00f3 un resumen especial del an\u00e1lisis para la Alianza Global por la Justicia Fiscal, que se puede\u00a0<\/span><a href=\"http:\/\/globaltaxjustice.org\/wp-content\/uploads\/2022\/08\/2020-05-07-puede-leer-aqui.-ES-PDF.pdf\"><span style=\"font-weight: 400;\">leer aqu\u00ed<\/span><\/a><span style=\"font-weight: 400;\">. \u201cSe se\u00f1ala que en Per\u00fa los\u00a0<\/span><b>cambios jur\u00eddicos e institucionales a favor de la igualdad de g\u00e9nero<\/b><span style=\"font-weight: 400;\">\u00a0son el principal logro del per\u00edodo y \u2018el m\u00e1s generalizado que ha tenido lugar en la regi\u00f3n latinoamericana\u2019\u201d, comenta.<\/span><\/p>\n<p><span style=\"font-weight: 400;\">Para ella, el informe nacional\u00a0<\/span><b>deber\u00eda incluir informaci\u00f3n sobre el financiamiento de los servicios p\u00fablicos\u00a0<\/b><span style=\"font-weight: 400;\">que benefician a las mujeres y ni\u00f1as peruanas. \u201cEn ese sentido, es importante analizar la evoluci\u00f3n de la recaudaci\u00f3n tributaria, las exoneraciones tributarias y la evoluci\u00f3n del presupuesto asignado a servicios p\u00fablicos ligados a la Pol\u00edtica Nacional para la Igualdad de G\u00e9nero\u201d, recomienda.<\/span><\/p>\n<p><span style=\"font-weight: 400;\">La investigaci\u00f3n tambi\u00e9n sugiere incluir un an\u00e1lisis de la\u00a0<\/span><b>evoluci\u00f3n de los tributos que impactan directamente a las mujeres<\/b><span style=\"font-weight: 400;\">, como el Impuesto General a las Ventas. Impuestos de consumo como este suelen pesar m\u00e1s a las mujeres, que tienen menos acceso a empleos formales y con salarios dignos, y que gastan la mayor parte de sus ingresos con productos b\u00e1sicos para el sustento de sus hogares.<\/span><\/p>\n<p><span style=\"font-weight: 400;\">Por f\u00edn, la ISP tambi\u00e9n refuerza la importancia de\u00a0<\/span><b>incluir m\u00e1s la opini\u00f3n de la sociedad civil\u00a0<\/b><span style=\"font-weight: 400;\">en pr\u00f3ximos informes. Pese a que el informe haya sido escrito con la contribuci\u00f3n de organizaciones de la sociedad civil que participan en la mesa de di\u00e1logo promovido por el Ministerio de la Mujer y Poblaciones Vulnerables (MIMP) del pa\u00eds, Mar\u00eda Rosario destaca que falt\u00f3 la participaci\u00f3n de mujeres sindicalistas del sector p\u00fablico y privado, gremios, trabajadoras independientes, adem\u00e1s de productoras rurales y urbanas.\u00a0<\/span><\/p>\n<p><span style=\"font-weight: 400;\">Lea el\u00a0<\/span><a href=\"https:\/\/unioncsw.world-psi.org\/news\/analisis-del-informe-nacional-de-peru-sobre-los-avances-en-la-aplicacion-de-la-plataforma-de-accion-beijing-25?lang=es\"><span style=\"font-weight: 400;\">estudio completo<\/span><\/a><span style=\"font-weight: 400;\">\u00a0en el sitio de la ISP.<\/span><\/p>\n","protected":false},"excerpt":{"rendered":"<p>En 2020, se complet\u00f3 25 a\u00f1os desde el inicio de la implementaci\u00f3n de la Declaraci\u00f3n y Plataforma de Acci\u00f3n de Beijing, u<\/p>\n","protected":false},"featured_media":9576,"template":"","thematic-area":[136,122],"year":[118],"resource-type":[],"class_list":["post-9575","news","type-news","status-publish","has-post-thumbnail","hentry","thematic-area-convencion-fiscal-de-la-onu","thematic-area-fiscalidad-y-extractivas","year-2020-es"],"acf":[],"yoast_head":"<!-- This site is optimized with the Yoast SEO plugin v27.2 - https:\/\/yoast.com\/product\/yoast-seo-wordpress\/ -->\n<title>ISP analiza el avance de la agenda de igualdad de g\u00e9nero en Per\u00fa - Global Tax Justice<\/title>\n<meta name=\"robots\" content=\"index, follow, max-snippet:-1, max-image-preview:large, max-video-preview:-1\" \/>\n<link rel=\"canonical\" href=\"https:\/\/globaltaxjustice.org\/es\/noticias\/isp-analiza-el-avance-de-la-agenda-de-igualdad-de-genero-en-peru\/\" \/>\n<meta property=\"og:locale\" content=\"es_ES\" \/>\n<meta property=\"og:type\" content=\"article\" \/>\n<meta property=\"og:title\" content=\"ISP analiza el avance de la agenda de igualdad de g\u00e9nero en Per\u00fa - Global Tax Justice\" \/>\n<meta property=\"og:description\" content=\"En 2020, se complet\u00f3 25 a\u00f1os desde el inicio de la implementaci\u00f3n de la Declaraci\u00f3n y Plataforma de Acci\u00f3n de Beijing, u\" \/>\n<meta property=\"og:url\" content=\"https:\/\/globaltaxjustice.org\/es\/noticias\/isp-analiza-el-avance-de-la-agenda-de-igualdad-de-genero-en-peru\/\" \/>\n<meta property=\"og:site_name\" content=\"Global Tax Justice\" \/>\n<meta property=\"og:image\" content=\"https:\/\/globaltaxjustice.org\/wp-content\/uploads\/2022\/08\/2020-05-07-ISP-analiza-el-avance-de-la-agenda-de-igualdad-de-genero-en-Peru-ES-IMAGEM.jpg\" \/>\n\t<meta property=\"og:image:width\" content=\"731\" \/>\n\t<meta property=\"og:image:height\" content=\"412\" \/>\n\t<meta property=\"og:image:type\" content=\"image\/jpeg\" \/>\n<meta name=\"twitter:card\" content=\"summary_large_image\" \/>\n<meta name=\"twitter:label1\" content=\"Est. reading time\" \/>\n\t<meta name=\"twitter:data1\" content=\"2 minutos\" \/>\n<script type=\"application\/ld+json\" class=\"yoast-schema-graph\">{\"@context\":\"https:\/\/schema.org\",\"@graph\":[{\"@type\":\"WebPage\",\"@id\":\"https:\/\/globaltaxjustice.org\/es\/noticias\/isp-analiza-el-avance-de-la-agenda-de-igualdad-de-genero-en-peru\/\",\"url\":\"https:\/\/globaltaxjustice.org\/es\/noticias\/isp-analiza-el-avance-de-la-agenda-de-igualdad-de-genero-en-peru\/\",\"name\":\"ISP analiza el avance de la agenda de igualdad de g\u00e9nero en Per\u00fa - Global Tax Justice\",\"isPartOf\":{\"@id\":\"https:\/\/globaltaxjustice.org\/es\/#website\"},\"primaryImageOfPage\":{\"@id\":\"https:\/\/globaltaxjustice.org\/es\/noticias\/isp-analiza-el-avance-de-la-agenda-de-igualdad-de-genero-en-peru\/#primaryimage\"},\"image\":{\"@id\":\"https:\/\/globaltaxjustice.org\/es\/noticias\/isp-analiza-el-avance-de-la-agenda-de-igualdad-de-genero-en-peru\/#primaryimage\"},\"thumbnailUrl\":\"https:\/\/globaltaxjustice.org\/wp-content\/uploads\/2022\/08\/2020-05-07-ISP-analiza-el-avance-de-la-agenda-de-igualdad-de-genero-en-Peru-ES-IMAGEM.jpg\",\"datePublished\":\"2022-08-27T20:19:29+00:00\",\"breadcrumb\":{\"@id\":\"https:\/\/globaltaxjustice.org\/es\/noticias\/isp-analiza-el-avance-de-la-agenda-de-igualdad-de-genero-en-peru\/#breadcrumb\"},\"inLanguage\":\"es\",\"potentialAction\":[{\"@type\":\"ReadAction\",\"target\":[\"https:\/\/globaltaxjustice.org\/es\/noticias\/isp-analiza-el-avance-de-la-agenda-de-igualdad-de-genero-en-peru\/\"]}]},{\"@type\":\"ImageObject\",\"inLanguage\":\"es\",\"@id\":\"https:\/\/globaltaxjustice.org\/es\/noticias\/isp-analiza-el-avance-de-la-agenda-de-igualdad-de-genero-en-peru\/#primaryimage\",\"url\":\"https:\/\/globaltaxjustice.org\/wp-content\/uploads\/2022\/08\/2020-05-07-ISP-analiza-el-avance-de-la-agenda-de-igualdad-de-genero-en-Peru-ES-IMAGEM.jpg\",\"contentUrl\":\"https:\/\/globaltaxjustice.org\/wp-content\/uploads\/2022\/08\/2020-05-07-ISP-analiza-el-avance-de-la-agenda-de-igualdad-de-genero-en-Peru-ES-IMAGEM.jpg\",\"width\":731,\"height\":412},{\"@type\":\"BreadcrumbList\",\"@id\":\"https:\/\/globaltaxjustice.org\/es\/noticias\/isp-analiza-el-avance-de-la-agenda-de-igualdad-de-genero-en-peru\/#breadcrumb\",\"itemListElement\":[{\"@type\":\"ListItem\",\"position\":1,\"name\":\"Home\",\"item\":\"https:\/\/globaltaxjustice.org\/es\/\"},{\"@type\":\"ListItem\",\"position\":2,\"name\":\"News\",\"item\":\"https:\/\/globaltaxjustice.org\/es\/noticias\/\"},{\"@type\":\"ListItem\",\"position\":3,\"name\":\"ISP analiza el avance de la agenda de igualdad de g\u00e9nero en Per\u00fa\"}]},{\"@type\":\"WebSite\",\"@id\":\"https:\/\/globaltaxjustice.org\/es\/#website\",\"url\":\"https:\/\/globaltaxjustice.org\/es\/\",\"name\":\"Global Tax Justice\",\"description\":\"Just another WordPress site\",\"publisher\":{\"@id\":\"https:\/\/globaltaxjustice.org\/es\/#organization\"},\"potentialAction\":[{\"@type\":\"SearchAction\",\"target\":{\"@type\":\"EntryPoint\",\"urlTemplate\":\"https:\/\/globaltaxjustice.org\/es\/?s={search_term_string}\"},\"query-input\":{\"@type\":\"PropertyValueSpecification\",\"valueRequired\":true,\"valueName\":\"search_term_string\"}}],\"inLanguage\":\"es\"},{\"@type\":\"Organization\",\"@id\":\"https:\/\/globaltaxjustice.org\/es\/#organization\",\"name\":\"Global Tax Justice\",\"url\":\"https:\/\/globaltaxjustice.org\/es\/\",\"logo\":{\"@type\":\"ImageObject\",\"inLanguage\":\"es\",\"@id\":\"https:\/\/globaltaxjustice.org\/es\/#\/schema\/logo\/image\/\",\"url\":\"https:\/\/globaltaxjustice.org\/wp-content\/uploads\/2024\/10\/logo_header.svg\",\"contentUrl\":\"https:\/\/globaltaxjustice.org\/wp-content\/uploads\/2024\/10\/logo_header.svg\",\"width\":229,\"height\":40,\"caption\":\"Global Tax Justice\"},\"image\":{\"@id\":\"https:\/\/globaltaxjustice.org\/es\/#\/schema\/logo\/image\/\"}}]}<\/script>\n<!-- \/ Yoast SEO plugin. -->","yoast_head_json":{"title":"ISP analiza el avance de la agenda de igualdad de g\u00e9nero en Per\u00fa - Global Tax Justice","robots":{"index":"index","follow":"follow","max-snippet":"max-snippet:-1","max-image-preview":"max-image-preview:large","max-video-preview":"max-video-preview:-1"},"canonical":"https:\/\/globaltaxjustice.org\/es\/noticias\/isp-analiza-el-avance-de-la-agenda-de-igualdad-de-genero-en-peru\/","og_locale":"es_ES","og_type":"article","og_title":"ISP analiza el avance de la agenda de igualdad de g\u00e9nero en Per\u00fa - Global Tax Justice","og_description":"En 2020, se complet\u00f3 25 a\u00f1os desde el inicio de la implementaci\u00f3n de la Declaraci\u00f3n y Plataforma de Acci\u00f3n de Beijing, u","og_url":"https:\/\/globaltaxjustice.org\/es\/noticias\/isp-analiza-el-avance-de-la-agenda-de-igualdad-de-genero-en-peru\/","og_site_name":"Global Tax Justice","og_image":[{"width":731,"height":412,"url":"https:\/\/globaltaxjustice.org\/wp-content\/uploads\/2022\/08\/2020-05-07-ISP-analiza-el-avance-de-la-agenda-de-igualdad-de-genero-en-Peru-ES-IMAGEM.jpg","type":"image\/jpeg"}],"twitter_card":"summary_large_image","twitter_misc":{"Est. reading time":"2 minutos"},"schema":{"@context":"https:\/\/schema.org","@graph":[{"@type":"WebPage","@id":"https:\/\/globaltaxjustice.org\/es\/noticias\/isp-analiza-el-avance-de-la-agenda-de-igualdad-de-genero-en-peru\/","url":"https:\/\/globaltaxjustice.org\/es\/noticias\/isp-analiza-el-avance-de-la-agenda-de-igualdad-de-genero-en-peru\/","name":"ISP analiza el avance de la agenda de igualdad de g\u00e9nero en Per\u00fa - Global Tax Justice","isPartOf":{"@id":"https:\/\/globaltaxjustice.org\/es\/#website"},"primaryImageOfPage":{"@id":"https:\/\/globaltaxjustice.org\/es\/noticias\/isp-analiza-el-avance-de-la-agenda-de-igualdad-de-genero-en-peru\/#primaryimage"},"image":{"@id":"https:\/\/globaltaxjustice.org\/es\/noticias\/isp-analiza-el-avance-de-la-agenda-de-igualdad-de-genero-en-peru\/#primaryimage"},"thumbnailUrl":"https:\/\/globaltaxjustice.org\/wp-content\/uploads\/2022\/08\/2020-05-07-ISP-analiza-el-avance-de-la-agenda-de-igualdad-de-genero-en-Peru-ES-IMAGEM.jpg","datePublished":"2022-08-27T20:19:29+00:00","breadcrumb":{"@id":"https:\/\/globaltaxjustice.org\/es\/noticias\/isp-analiza-el-avance-de-la-agenda-de-igualdad-de-genero-en-peru\/#breadcrumb"},"inLanguage":"es","potentialAction":[{"@type":"ReadAction","target":["https:\/\/globaltaxjustice.org\/es\/noticias\/isp-analiza-el-avance-de-la-agenda-de-igualdad-de-genero-en-peru\/"]}]},{"@type":"ImageObject","inLanguage":"es","@id":"https:\/\/globaltaxjustice.org\/es\/noticias\/isp-analiza-el-avance-de-la-agenda-de-igualdad-de-genero-en-peru\/#primaryimage","url":"https:\/\/globaltaxjustice.org\/wp-content\/uploads\/2022\/08\/2020-05-07-ISP-analiza-el-avance-de-la-agenda-de-igualdad-de-genero-en-Peru-ES-IMAGEM.jpg","contentUrl":"https:\/\/globaltaxjustice.org\/wp-content\/uploads\/2022\/08\/2020-05-07-ISP-analiza-el-avance-de-la-agenda-de-igualdad-de-genero-en-Peru-ES-IMAGEM.jpg","width":731,"height":412},{"@type":"BreadcrumbList","@id":"https:\/\/globaltaxjustice.org\/es\/noticias\/isp-analiza-el-avance-de-la-agenda-de-igualdad-de-genero-en-peru\/#breadcrumb","itemListElement":[{"@type":"ListItem","position":1,"name":"Home","item":"https:\/\/globaltaxjustice.org\/es\/"},{"@type":"ListItem","position":2,"name":"News","item":"https:\/\/globaltaxjustice.org\/es\/noticias\/"},{"@type":"ListItem","position":3,"name":"ISP analiza el avance de la agenda de igualdad de g\u00e9nero en Per\u00fa"}]},{"@type":"WebSite","@id":"https:\/\/globaltaxjustice.org\/es\/#website","url":"https:\/\/globaltaxjustice.org\/es\/","name":"Global Tax Justice","description":"Just another WordPress site","publisher":{"@id":"https:\/\/globaltaxjustice.org\/es\/#organization"},"potentialAction":[{"@type":"SearchAction","target":{"@type":"EntryPoint","urlTemplate":"https:\/\/globaltaxjustice.org\/es\/?s={search_term_string}"},"query-input":{"@type":"PropertyValueSpecification","valueRequired":true,"valueName":"search_term_string"}}],"inLanguage":"es"},{"@type":"Organization","@id":"https:\/\/globaltaxjustice.org\/es\/#organization","name":"Global Tax Justice","url":"https:\/\/globaltaxjustice.org\/es\/","logo":{"@type":"ImageObject","inLanguage":"es","@id":"https:\/\/globaltaxjustice.org\/es\/#\/schema\/logo\/image\/","url":"https:\/\/globaltaxjustice.org\/wp-content\/uploads\/2024\/10\/logo_header.svg","contentUrl":"https:\/\/globaltaxjustice.org\/wp-content\/uploads\/2024\/10\/logo_header.svg","width":229,"height":40,"caption":"Global Tax Justice"},"image":{"@id":"https:\/\/globaltaxjustice.org\/es\/#\/schema\/logo\/image\/"}}]}},"_links":{"self":[{"href":"https:\/\/globaltaxjustice.org\/es\/wp-json\/wp\/v2\/news\/9575","targetHints":{"allow":["GET"]}}],"collection":[{"href":"https:\/\/globaltaxjustice.org\/es\/wp-json\/wp\/v2\/news"}],"about":[{"href":"https:\/\/globaltaxjustice.org\/es\/wp-json\/wp\/v2\/types\/news"}],"version-history":[{"count":0,"href":"https:\/\/globaltaxjustice.org\/es\/wp-json\/wp\/v2\/news\/9575\/revisions"}],"wp:featuredmedia":[{"embeddable":true,"href":"https:\/\/globaltaxjustice.org\/es\/wp-json\/wp\/v2\/media\/9576"}],"wp:attachment":[{"href":"https:\/\/globaltaxjustice.org\/es\/wp-json\/wp\/v2\/media?parent=9575"}],"wp:term":[{"taxonomy":"thematic-area","embeddable":true,"href":"https:\/\/globaltaxjustice.org\/es\/wp-json\/wp\/v2\/thematic-area?post=9575"},{"taxonomy":"year","embeddable":true,"href":"https:\/\/globaltaxjustice.org\/es\/wp-json\/wp\/v2\/year?post=9575"},{"taxonomy":"resource-type","embeddable":true,"href":"https:\/\/globaltaxjustice.org\/es\/wp-json\/wp\/v2\/resource-type?post=9575"}],"curies":[{"name":"wp","href":"https:\/\/api.w.org\/{rel}","templated":true}]}}