{"id":9586,"date":"2022-08-27T22:33:46","date_gmt":"2022-08-27T22:33:46","guid":{"rendered":"https:\/\/globaltaxjustice.org\/?post_type=news&#038;p=9586"},"modified":"2022-08-27T22:33:46","modified_gmt":"2022-08-27T22:33:46","slug":"justicia-fiscal-para-combatir-la-crisis-nuestras-demandas","status":"publish","type":"news","link":"https:\/\/globaltaxjustice.org\/es\/noticias\/justicia-fiscal-para-combatir-la-crisis-nuestras-demandas\/","title":{"rendered":"Justicia fiscal para combatir la crisis: nuestras demandas"},"content":{"rendered":"<p><span style=\"font-weight: 400;\">Sin un final a la vista, la pandemia de COVID-19 sigue afectando\u00a0todos los aspectos de la vida humana. Las Naciones Unidas estima que\u00a0<\/span><a href=\"https:\/\/www.un.org\/development\/desa\/en\/news\/sustainable\/sustainable-development-goals-report-2020.html\"><span style=\"font-weight: 400;\">71 millones de personas volver\u00e1n a caer en la pobreza extrema<\/span><\/a><span style=\"font-weight: 400;\">\u00a0en 2020, el primer aumento de la pobreza mundial desde 1998.\u00a0Millones de trabajadores informales perdieron sus empleos y\u00a0<\/span><a href=\"http:\/\/www.ilo.org\/wcmsp5\/groups\/public\/---dgreports\/---dcomm\/documents\/genericdocument\/wcms_748428.pdf\"><span style=\"font-weight: 400;\">los ingresos de quienes han podido seguir trabajando se redujeron en un 60%<\/span><\/a><span style=\"font-weight: 400;\">\u00a0a nivel mundial en el primer mes de la crisis.\u00a0Seg\u00fan la Oxfam, m\u00e1s del 70% de lxs trabajadorxs del sector de la salud\u00a0son mujeres &#8212;\u00a0y tambi\u00e9n\u00a0<\/span><a href=\"http:\/\/www.oxfam.org\/en\/5-reasons-why-coronavirus-crisis-needs-feminist-response\"><span style=\"font-weight: 400;\">son las mujeres las que realizan m\u00e1s del 70% del trabajo de cuidado no remunerado<\/span><\/a><span style=\"font-weight: 400;\">, dedicando tres veces m\u00e1s horas que los hombres.\u00a0La lista de consecuencias de la pandemia es interminable y nuestros sistemas fiscales agravan\u00a0las desigualdades existentes.<\/span><\/p>\n<p><span style=\"font-weight: 400;\">La pandemia nos presenta una oportunidad para impulsar cambios sist\u00e9micos y crear alternativas al actual modelo de desarrollo, que antepongan las personas y el planeta al lucro y la codicia. Es una oportunidad para reinventar la econom\u00eda global y la arquitectura financiera internacional ancladas en la justicia social y la igualdad, lo que no es posible sin justicia fiscal.<\/span><\/p>\n<p><span style=\"font-weight: 400;\">\u00a1\u00danase a nosotros durante las Jornadas Mundiales de Acci\u00f3n, del 14 al 17 de septiembre, por justicia fiscal para combatir la crisis! Para recibir informaci\u00f3n sobre nuestras actividades, por favor\u00a0<\/span><a href=\"http:\/\/forms.gle\/FiHKecy2fGbfdSoF6\"><span style=\"font-weight: 400;\">reg\u00edstrese aqu\u00ed<\/span><\/a><span style=\"font-weight: 400;\">.\u00a0<\/span><\/p>\n<p><b>Lea nuestras demandas:\u00a0<\/b><\/p>\n<p><img loading=\"lazy\" decoding=\"async\" class=\"alignnone size-medium wp-image-9588\" src=\"http:\/\/globaltaxjustice.org\/wp-content\/uploads\/2022\/08\/2020-09-04-Justicia-fiscal-para-combatir-la-crisis-nuestras-demandas-ES-IMAGEM-3-120x300.png\" alt=\"\" width=\"120\" height=\"300\" srcset=\"https:\/\/globaltaxjustice.org\/wp-content\/uploads\/2022\/08\/2020-09-04-Justicia-fiscal-para-combatir-la-crisis-nuestras-demandas-ES-IMAGEM-3-120x300.png 120w, https:\/\/globaltaxjustice.org\/wp-content\/uploads\/2022\/08\/2020-09-04-Justicia-fiscal-para-combatir-la-crisis-nuestras-demandas-ES-IMAGEM-3-410x1024.png 410w, https:\/\/globaltaxjustice.org\/wp-content\/uploads\/2022\/08\/2020-09-04-Justicia-fiscal-para-combatir-la-crisis-nuestras-demandas-ES-IMAGEM-3-768x1920.png 768w, https:\/\/globaltaxjustice.org\/wp-content\/uploads\/2022\/08\/2020-09-04-Justicia-fiscal-para-combatir-la-crisis-nuestras-demandas-ES-IMAGEM-3-614x1536.png 614w, https:\/\/globaltaxjustice.org\/wp-content\/uploads\/2022\/08\/2020-09-04-Justicia-fiscal-para-combatir-la-crisis-nuestras-demandas-ES-IMAGEM-3.png 800w\" sizes=\"auto, (max-width: 120px) 100vw, 120px\" \/><\/p>\n","protected":false},"excerpt":{"rendered":"<p>Sin un final a la vista, la pandemia de COVID-19 sigue afectando todos los aspectos de la vida humana. Las Naciones Unid<\/p>\n","protected":false},"featured_media":9587,"template":"","thematic-area":[122,123],"year":[118],"resource-type":[],"class_list":["post-9586","news","type-news","status-publish","has-post-thumbnail","hentry","thematic-area-fiscalidad-y-extractivas","thematic-area-transparencia-fiscal","year-2020-es"],"acf":[],"yoast_head":"<!-- This site is optimized with the Yoast SEO plugin v27.2 - https:\/\/yoast.com\/product\/yoast-seo-wordpress\/ -->\n<title>Justicia fiscal para combatir la crisis: nuestras demandas - Global Tax Justice<\/title>\n<meta name=\"robots\" content=\"index, follow, max-snippet:-1, max-image-preview:large, max-video-preview:-1\" \/>\n<link rel=\"canonical\" href=\"https:\/\/globaltaxjustice.org\/es\/noticias\/justicia-fiscal-para-combatir-la-crisis-nuestras-demandas\/\" \/>\n<meta property=\"og:locale\" content=\"es_ES\" \/>\n<meta property=\"og:type\" content=\"article\" \/>\n<meta property=\"og:title\" content=\"Justicia fiscal para combatir la crisis: nuestras demandas - Global Tax Justice\" \/>\n<meta property=\"og:description\" content=\"Sin un final a la vista, la pandemia de COVID-19 sigue afectando todos los aspectos de la vida humana. Las Naciones Unid\" \/>\n<meta property=\"og:url\" content=\"https:\/\/globaltaxjustice.org\/es\/noticias\/justicia-fiscal-para-combatir-la-crisis-nuestras-demandas\/\" \/>\n<meta property=\"og:site_name\" content=\"Global Tax Justice\" \/>\n<meta property=\"og:image\" content=\"https:\/\/globaltaxjustice.org\/wp-content\/uploads\/2022\/08\/2020-09-04-Justicia-fiscal-para-combatir-la-crisis-nuestras-demandas-ES-IMAGEM-2.png\" \/>\n\t<meta property=\"og:image:width\" content=\"731\" \/>\n\t<meta property=\"og:image:height\" content=\"412\" \/>\n\t<meta property=\"og:image:type\" content=\"image\/png\" \/>\n<meta name=\"twitter:card\" content=\"summary_large_image\" \/>\n<meta name=\"twitter:label1\" content=\"Est. reading time\" \/>\n\t<meta name=\"twitter:data1\" content=\"1 minuto\" \/>\n<script type=\"application\/ld+json\" class=\"yoast-schema-graph\">{\"@context\":\"https:\/\/schema.org\",\"@graph\":[{\"@type\":\"WebPage\",\"@id\":\"https:\/\/globaltaxjustice.org\/es\/noticias\/justicia-fiscal-para-combatir-la-crisis-nuestras-demandas\/\",\"url\":\"https:\/\/globaltaxjustice.org\/es\/noticias\/justicia-fiscal-para-combatir-la-crisis-nuestras-demandas\/\",\"name\":\"Justicia fiscal para combatir la crisis: nuestras demandas - Global Tax Justice\",\"isPartOf\":{\"@id\":\"https:\/\/globaltaxjustice.org\/es\/#website\"},\"primaryImageOfPage\":{\"@id\":\"https:\/\/globaltaxjustice.org\/es\/noticias\/justicia-fiscal-para-combatir-la-crisis-nuestras-demandas\/#primaryimage\"},\"image\":{\"@id\":\"https:\/\/globaltaxjustice.org\/es\/noticias\/justicia-fiscal-para-combatir-la-crisis-nuestras-demandas\/#primaryimage\"},\"thumbnailUrl\":\"https:\/\/globaltaxjustice.org\/wp-content\/uploads\/2022\/08\/2020-09-04-Justicia-fiscal-para-combatir-la-crisis-nuestras-demandas-ES-IMAGEM-2.png\",\"datePublished\":\"2022-08-27T22:33:46+00:00\",\"breadcrumb\":{\"@id\":\"https:\/\/globaltaxjustice.org\/es\/noticias\/justicia-fiscal-para-combatir-la-crisis-nuestras-demandas\/#breadcrumb\"},\"inLanguage\":\"es\",\"potentialAction\":[{\"@type\":\"ReadAction\",\"target\":[\"https:\/\/globaltaxjustice.org\/es\/noticias\/justicia-fiscal-para-combatir-la-crisis-nuestras-demandas\/\"]}]},{\"@type\":\"ImageObject\",\"inLanguage\":\"es\",\"@id\":\"https:\/\/globaltaxjustice.org\/es\/noticias\/justicia-fiscal-para-combatir-la-crisis-nuestras-demandas\/#primaryimage\",\"url\":\"https:\/\/globaltaxjustice.org\/wp-content\/uploads\/2022\/08\/2020-09-04-Justicia-fiscal-para-combatir-la-crisis-nuestras-demandas-ES-IMAGEM-2.png\",\"contentUrl\":\"https:\/\/globaltaxjustice.org\/wp-content\/uploads\/2022\/08\/2020-09-04-Justicia-fiscal-para-combatir-la-crisis-nuestras-demandas-ES-IMAGEM-2.png\",\"width\":731,\"height\":412},{\"@type\":\"BreadcrumbList\",\"@id\":\"https:\/\/globaltaxjustice.org\/es\/noticias\/justicia-fiscal-para-combatir-la-crisis-nuestras-demandas\/#breadcrumb\",\"itemListElement\":[{\"@type\":\"ListItem\",\"position\":1,\"name\":\"Home\",\"item\":\"https:\/\/globaltaxjustice.org\/es\/\"},{\"@type\":\"ListItem\",\"position\":2,\"name\":\"News\",\"item\":\"https:\/\/globaltaxjustice.org\/es\/noticias\/\"},{\"@type\":\"ListItem\",\"position\":3,\"name\":\"Justicia fiscal para combatir la crisis: nuestras demandas\"}]},{\"@type\":\"WebSite\",\"@id\":\"https:\/\/globaltaxjustice.org\/es\/#website\",\"url\":\"https:\/\/globaltaxjustice.org\/es\/\",\"name\":\"Global Tax Justice\",\"description\":\"Just another WordPress site\",\"publisher\":{\"@id\":\"https:\/\/globaltaxjustice.org\/es\/#organization\"},\"potentialAction\":[{\"@type\":\"SearchAction\",\"target\":{\"@type\":\"EntryPoint\",\"urlTemplate\":\"https:\/\/globaltaxjustice.org\/es\/?s={search_term_string}\"},\"query-input\":{\"@type\":\"PropertyValueSpecification\",\"valueRequired\":true,\"valueName\":\"search_term_string\"}}],\"inLanguage\":\"es\"},{\"@type\":\"Organization\",\"@id\":\"https:\/\/globaltaxjustice.org\/es\/#organization\",\"name\":\"Global Tax Justice\",\"url\":\"https:\/\/globaltaxjustice.org\/es\/\",\"logo\":{\"@type\":\"ImageObject\",\"inLanguage\":\"es\",\"@id\":\"https:\/\/globaltaxjustice.org\/es\/#\/schema\/logo\/image\/\",\"url\":\"https:\/\/globaltaxjustice.org\/wp-content\/uploads\/2024\/10\/logo_header.svg\",\"contentUrl\":\"https:\/\/globaltaxjustice.org\/wp-content\/uploads\/2024\/10\/logo_header.svg\",\"width\":229,\"height\":40,\"caption\":\"Global Tax Justice\"},\"image\":{\"@id\":\"https:\/\/globaltaxjustice.org\/es\/#\/schema\/logo\/image\/\"}}]}<\/script>\n<!-- \/ Yoast SEO plugin. -->","yoast_head_json":{"title":"Justicia fiscal para combatir la crisis: nuestras demandas - Global Tax Justice","robots":{"index":"index","follow":"follow","max-snippet":"max-snippet:-1","max-image-preview":"max-image-preview:large","max-video-preview":"max-video-preview:-1"},"canonical":"https:\/\/globaltaxjustice.org\/es\/noticias\/justicia-fiscal-para-combatir-la-crisis-nuestras-demandas\/","og_locale":"es_ES","og_type":"article","og_title":"Justicia fiscal para combatir la crisis: nuestras demandas - Global Tax Justice","og_description":"Sin un final a la vista, la pandemia de COVID-19 sigue afectando todos los aspectos de la vida humana. Las Naciones Unid","og_url":"https:\/\/globaltaxjustice.org\/es\/noticias\/justicia-fiscal-para-combatir-la-crisis-nuestras-demandas\/","og_site_name":"Global Tax Justice","og_image":[{"width":731,"height":412,"url":"https:\/\/globaltaxjustice.org\/wp-content\/uploads\/2022\/08\/2020-09-04-Justicia-fiscal-para-combatir-la-crisis-nuestras-demandas-ES-IMAGEM-2.png","type":"image\/png"}],"twitter_card":"summary_large_image","twitter_misc":{"Est. reading time":"1 minuto"},"schema":{"@context":"https:\/\/schema.org","@graph":[{"@type":"WebPage","@id":"https:\/\/globaltaxjustice.org\/es\/noticias\/justicia-fiscal-para-combatir-la-crisis-nuestras-demandas\/","url":"https:\/\/globaltaxjustice.org\/es\/noticias\/justicia-fiscal-para-combatir-la-crisis-nuestras-demandas\/","name":"Justicia fiscal para combatir la crisis: nuestras demandas - Global Tax Justice","isPartOf":{"@id":"https:\/\/globaltaxjustice.org\/es\/#website"},"primaryImageOfPage":{"@id":"https:\/\/globaltaxjustice.org\/es\/noticias\/justicia-fiscal-para-combatir-la-crisis-nuestras-demandas\/#primaryimage"},"image":{"@id":"https:\/\/globaltaxjustice.org\/es\/noticias\/justicia-fiscal-para-combatir-la-crisis-nuestras-demandas\/#primaryimage"},"thumbnailUrl":"https:\/\/globaltaxjustice.org\/wp-content\/uploads\/2022\/08\/2020-09-04-Justicia-fiscal-para-combatir-la-crisis-nuestras-demandas-ES-IMAGEM-2.png","datePublished":"2022-08-27T22:33:46+00:00","breadcrumb":{"@id":"https:\/\/globaltaxjustice.org\/es\/noticias\/justicia-fiscal-para-combatir-la-crisis-nuestras-demandas\/#breadcrumb"},"inLanguage":"es","potentialAction":[{"@type":"ReadAction","target":["https:\/\/globaltaxjustice.org\/es\/noticias\/justicia-fiscal-para-combatir-la-crisis-nuestras-demandas\/"]}]},{"@type":"ImageObject","inLanguage":"es","@id":"https:\/\/globaltaxjustice.org\/es\/noticias\/justicia-fiscal-para-combatir-la-crisis-nuestras-demandas\/#primaryimage","url":"https:\/\/globaltaxjustice.org\/wp-content\/uploads\/2022\/08\/2020-09-04-Justicia-fiscal-para-combatir-la-crisis-nuestras-demandas-ES-IMAGEM-2.png","contentUrl":"https:\/\/globaltaxjustice.org\/wp-content\/uploads\/2022\/08\/2020-09-04-Justicia-fiscal-para-combatir-la-crisis-nuestras-demandas-ES-IMAGEM-2.png","width":731,"height":412},{"@type":"BreadcrumbList","@id":"https:\/\/globaltaxjustice.org\/es\/noticias\/justicia-fiscal-para-combatir-la-crisis-nuestras-demandas\/#breadcrumb","itemListElement":[{"@type":"ListItem","position":1,"name":"Home","item":"https:\/\/globaltaxjustice.org\/es\/"},{"@type":"ListItem","position":2,"name":"News","item":"https:\/\/globaltaxjustice.org\/es\/noticias\/"},{"@type":"ListItem","position":3,"name":"Justicia fiscal para combatir la crisis: nuestras demandas"}]},{"@type":"WebSite","@id":"https:\/\/globaltaxjustice.org\/es\/#website","url":"https:\/\/globaltaxjustice.org\/es\/","name":"Global Tax Justice","description":"Just another WordPress site","publisher":{"@id":"https:\/\/globaltaxjustice.org\/es\/#organization"},"potentialAction":[{"@type":"SearchAction","target":{"@type":"EntryPoint","urlTemplate":"https:\/\/globaltaxjustice.org\/es\/?s={search_term_string}"},"query-input":{"@type":"PropertyValueSpecification","valueRequired":true,"valueName":"search_term_string"}}],"inLanguage":"es"},{"@type":"Organization","@id":"https:\/\/globaltaxjustice.org\/es\/#organization","name":"Global Tax Justice","url":"https:\/\/globaltaxjustice.org\/es\/","logo":{"@type":"ImageObject","inLanguage":"es","@id":"https:\/\/globaltaxjustice.org\/es\/#\/schema\/logo\/image\/","url":"https:\/\/globaltaxjustice.org\/wp-content\/uploads\/2024\/10\/logo_header.svg","contentUrl":"https:\/\/globaltaxjustice.org\/wp-content\/uploads\/2024\/10\/logo_header.svg","width":229,"height":40,"caption":"Global Tax Justice"},"image":{"@id":"https:\/\/globaltaxjustice.org\/es\/#\/schema\/logo\/image\/"}}]}},"_links":{"self":[{"href":"https:\/\/globaltaxjustice.org\/es\/wp-json\/wp\/v2\/news\/9586","targetHints":{"allow":["GET"]}}],"collection":[{"href":"https:\/\/globaltaxjustice.org\/es\/wp-json\/wp\/v2\/news"}],"about":[{"href":"https:\/\/globaltaxjustice.org\/es\/wp-json\/wp\/v2\/types\/news"}],"version-history":[{"count":0,"href":"https:\/\/globaltaxjustice.org\/es\/wp-json\/wp\/v2\/news\/9586\/revisions"}],"wp:featuredmedia":[{"embeddable":true,"href":"https:\/\/globaltaxjustice.org\/es\/wp-json\/wp\/v2\/media\/9587"}],"wp:attachment":[{"href":"https:\/\/globaltaxjustice.org\/es\/wp-json\/wp\/v2\/media?parent=9586"}],"wp:term":[{"taxonomy":"thematic-area","embeddable":true,"href":"https:\/\/globaltaxjustice.org\/es\/wp-json\/wp\/v2\/thematic-area?post=9586"},{"taxonomy":"year","embeddable":true,"href":"https:\/\/globaltaxjustice.org\/es\/wp-json\/wp\/v2\/year?post=9586"},{"taxonomy":"resource-type","embeddable":true,"href":"https:\/\/globaltaxjustice.org\/es\/wp-json\/wp\/v2\/resource-type?post=9586"}],"curies":[{"name":"wp","href":"https:\/\/api.w.org\/{rel}","templated":true}]}}