{"id":9657,"date":"2022-08-27T22:57:24","date_gmt":"2022-08-27T22:57:24","guid":{"rendered":"https:\/\/globaltaxjustice.org\/?post_type=news&#038;p=9657"},"modified":"2022-08-27T22:57:24","modified_gmt":"2022-08-27T22:57:24","slug":"el-acuerdo-fiscal-de-la-ocde-solo-profundizara-las-desigualdades-entre-paises","status":"publish","type":"news","link":"https:\/\/globaltaxjustice.org\/es\/noticias\/el-acuerdo-fiscal-de-la-ocde-solo-profundizara-las-desigualdades-entre-paises\/","title":{"rendered":"El acuerdo fiscal de la OCDE s\u00f3lo profundizar\u00e1 las desigualdades en(tre) pa\u00edses"},"content":{"rendered":"<p><i><span style=\"font-weight: 400;\">Anticip\u00e1ndose a que el resultado del acuerdo fiscal que la OCDE finaliz\u00f3 hoy no beneficiar\u00eda a los pa\u00edses en desarrollo, la Alianza Global por la Justicia Fiscal y m\u00e1s de 250 organizaciones de la sociedad civil en los movimientos de justicia econ\u00f3mica y social de todo el mundo firmaron una declaraci\u00f3n rechazando el acuerdo. Adem\u00e1s de no proponer soluciones a los problemas fundamentales de la disfuncional y desactualizada arquitectura fiscal internacional, el acuerdo no aporta ning\u00fan beneficio inmediato a los pa\u00edses en desarrollo y perjudicar\u00e1 sus intereses a lo largo plazo<\/span><\/i><\/p>\n<p><b>S\u00e3o Paulo, 8 de octubre de 2021\u00a0<\/b><span style=\"font-weight: 400;\">\u2013 La Organizaci\u00f3n para la Cooperaci\u00f3n y el Desarrollo Econ\u00f3micos (OCDE) ha anunciado hoy los\u00a0<\/span><a href=\"https:\/\/www.oecd.org\/tax\/beps\/international-community-strikes-a-ground-breaking-tax-deal-for-the-digital-age.htm\"><span style=\"font-weight: 400;\">detalles finales acerca de su acuerdo por una reforma fiscal internacional<\/span><\/a><span style=\"font-weight: 400;\">, que confirma las preocupaciones de la Alianza Global por la Justicia Fiscal (GATJ, por sus siglas en ingl\u00e9s). GATJ ha acompa\u00f1ado de cerca el proceso y, anticipando que un proceso liderado por la OCDE no beneficiar\u00e1 a los pa\u00edses en desarrollo, lanz\u00f3 un llamado para rechazar este acuerdo dise\u00f1ado por los gobiernos de los pa\u00edses ricos. M\u00e1s de 250 organizaciones de la sociedad civil de los movimientos de justicia econ\u00f3mica y social firmaron esta declaraci\u00f3n.<\/span><\/p>\n<p><span style=\"font-weight: 400;\">\u201cEs inconcebible que las soluciones ofrecidas por los pa\u00edses de \u00e9lite del mundo solo sirvan para reforzar las desigualdades en el r\u00e9gimen fiscal global, que durante mucho tiempo ha excluido la voz y los intereses de los pa\u00edses en desarrollo y los pueblos del Sur Global\u201d, dice la declaraci\u00f3n. Se la enviar\u00e1 a todos los miembros de las Naciones Unidas, destacando el llamado de larga data del G77 por el establecimiento de un organismo tributario global en la ONU, para garantizar la igualdad de derechos tributarios de todos los pa\u00edses y detener todas las formas de abuso fiscal por parte de las corporaciones multinacionales y las \u00e9lites ricas.\u00a0<\/span><\/p>\n<p><a href=\"http:\/\/globaltaxjustice.org\/wp-content\/uploads\/2022\/08\/2021-10-08-Lea-la-declaracion-de-GATJ-ES-PDF.pdf\"><span style=\"font-weight: 400;\">Lea la declaraci\u00f3n de GATJ<\/span><\/a><span style=\"font-weight: 400;\">, respaldada por m\u00e1s de 250 organizaciones de la sociedad civil en todo el mundo, que rechazan el acuerdo fiscal global de la OCDE\/ G7\/ G20.<\/span><\/p>\n<p><b>Dereje Alemayehu, Coordinador Ejecutivo de GATJ, dijo:<\/b><\/p>\n<p><i><span style=\"font-weight: 400;\">\u201cUna soluci\u00f3n acordada en un proceso pol\u00edticamente sesgado y opaco, fuera del sistema de la ONU y la debida representaci\u00f3n de todos los pa\u00edses, no puede tener la legitimidad para ser un acuerdo internacional vinculante. El acuerdo fiscal de la OCDE fue dise\u00f1ado para acomodar el acuerdo reciente del G7 sobre una tasa impositiva corporativa m\u00ednima global del 15%, e ignora por completo las propuestas y reservas que varios pa\u00edses en desarrollo han presentado a lo largo de muchos a\u00f1os de trabajo.<\/span><\/i><\/p>\n<p><i><span style=\"font-weight: 400;\">\u201cEs indignante celebrar tal acuerdo que ha obligado a los pa\u00edses en desarrollo a \u2018elegir entre algo malo y algo peor\u2019, como afirm\u00f3 esta semana el ministro de econom\u00eda de Argentina, Mart\u00edn Guzm\u00e1n. Un acuerdo global justo solo ser\u00e1 posible en un proceso intergubernamental abierto, totalmente inclusivo y transparente, en el que el p\u00fablico y la sociedad civil puedan hacer que los negociadores rindan cuentas de las propuestas y decisiones, y en el que los borradores de los acuerdos est\u00e9n abiertos al escrutinio p\u00fablico. Este proceso solo es posible en el marco de una negociaci\u00f3n intergubernamental basada en la ONU en la que los pa\u00edses pueden participar como iguales.\u201d<\/span><\/i><\/p>\n<p><b>Adrian Falco, Secretario de la Red de Justicia Fiscal de Am\u00e9rica Latina y el Caribe, red regional latinoamericana y miembro fundador de GATJ, plante\u00f3:<\/b><\/p>\n<p><i><span style=\"font-weight: 400;\">\u201cLa conclusi\u00f3n de esta propuesta nos deja un mensaje: los pa\u00edses en desarrollo contin\u00faan al margen de las decisiones globales. Esta decisi\u00f3n reafirma los antecedentes de dominaci\u00f3n de las posturas de los pa\u00edses m\u00e1s ricos aun cuando, en teor\u00eda, el proceso deber\u00eda ser justo e inclusivo en t\u00e9rminos de recuperaci\u00f3n de los beneficios generados por las corporaciones y participaci\u00f3n efectiva de pa\u00edses en desarrollo en las nuevas reglas fiscales globales.\u201d<\/span><\/i><\/p>\n<p><b>Chenai Mukumba, Gerente de Investigaci\u00f3n y Pol\u00edticas de la Tax Justice Network Africa (TJNA), red regional africana y miembro fundador de GATJ, afirm\u00f3:<\/b><\/p>\n<p><i><span style=\"font-weight: 400;\">\u201cCada an\u00e1lisis confiable de este acuerdo ha demostrado que los pa\u00edses desarrollados se beneficiar\u00e1n m\u00e1s que los pa\u00edses en desarrollo, profundizando a\u00fan m\u00e1s la desigualdad existente dentro del sistema financiero global. Por lo tanto, no se puede decir que rechazar el acuerdo de la OCDE sea poco realista. De hecho, es la \u00fanica respuesta razonable a un acuerdo que, como dijo el ministro de Econom\u00eda de Argentina, est\u00e1 obligando a los pa\u00edses en desarrollo a \u2018elegir entre algo malo y algo peor\u2019.\u201d<\/span><\/i><\/p>\n<p><b>Jeannie Manipon, Gerente Senior de Programas de Financiamiento para el Desarrollo del Asian Peoples\u2019 Movement on Debt and Development (APMDD) y Co-coordinadora del Grupo de Trabajo de Fiscalidad y G\u00e9nero de la Tax and Fiscal Justice Alliance Asia (TAFJA), plante\u00f3:<\/b><\/p>\n<p><i><span style=\"font-weight: 400;\">\u201cEl acuerdo fiscal liderado por la OCDE confirma que la arquitectura fiscal internacional est\u00e1 sesgada a favor de los intereses de los pa\u00edses ricos, las corporaciones multinacionales y las \u00e9lites. Solo servir\u00e1 para profundizar las desigualdades, incluida la desigualdad de g\u00e9nero. Establecer la tasa impositiva corporativa m\u00ednima global en el 15% intensificar\u00e1 la &#8216;carrera hacia el fondo&#8217; y desencadenar\u00e1 graves desaf\u00edos en la movilizaci\u00f3n de recursos internos, especialmente para los pa\u00edses en desarrollo. Esto eventualmente resultar\u00eda en menos recursos para los servicios p\u00fablicos, haci\u00e9ndolos a\u00fan m\u00e1s inaccesibles para las mujeres y quienes viven en la pobreza\u201d.<\/span><\/i><\/p>\n<p><span style=\"font-weight: 400;\">\u00a0<\/span><\/p>\n<p><span style=\"font-weight: 400;\">***************************<\/span><\/p>\n<p><span style=\"font-weight: 400;\">NOTAS A LOS EDITORES<\/span><\/p>\n<ul>\n<li style=\"font-weight: 400;\" aria-level=\"1\"><b>El acuerdo por el impuesto corporativo m\u00ednimo global del 15% no tiene en cuenta las realidades africanas<\/b><span style=\"font-weight: 400;\">. Con la tasa impositiva corporativa promedio del continente notablemente m\u00e1s alta que la propuesta en el acuerdo tributario del G7, G20 y OCDE, es probable que sus beneficios sean insignificantes y que el aumento de los ingresos vaya a algunos pa\u00edses de \u00e9lite, como muestra un estudio de Tax Justice Network Africa (TJNA ) \u2013 red regional y miembro fundador de GATJ. Lea:\u00a0<\/span><span style=\"font-weight: 400;\">The G7\u2019s Global Minimum Corporate Tax Rate: A Good Deal for Africa<\/span><span style=\"font-weight: 400;\">, co-publicado con GADN, FEMNET y Nawi Afrifem Macroeconomics Collective.<\/span><\/li>\n<li style=\"font-weight: 400;\" aria-level=\"1\"><b>El Ministro de Econom\u00eda de Argentina, Mart\u00edn Guzm\u00e1n, afirm\u00f3: \u201cLos pol\u00edticos de los pa\u00edses en desarrollo nos vemos obligados a elegir entre algo malo y algo peor<\/b><span style=\"font-weight: 400;\">. Lo peor es no obtener nada. Y lo malo es lo que estamos obteniendo, lo que es muy poco. No estamos aprovechando esta oportunidad para corregir realmente uno de los aspectos m\u00e1s t\u00f3xicos de la globalizaci\u00f3n y digitalizaci\u00f3n de la econom\u00eda, que es la elusi\u00f3n fiscal\u201d. \u00c9l tambi\u00e9n expres\u00f3 su preocupaci\u00f3n por los compromisos que se les pide a los pa\u00edses en desarrollo que asuman, en comparaci\u00f3n con los beneficios que se les ofrecen. Vea el\u00a0<\/span><a href=\"https:\/\/www.youtube.com\/watch?v=0FFI4aPpydw&amp;t=2s\"><span style=\"font-weight: 400;\">video<\/span><\/a><span style=\"font-weight: 400;\">\u00a0del evento de ICRICT de 07\/10 (comienza a partir de 8\u2019).<\/span><\/li>\n<li style=\"font-weight: 400;\" aria-level=\"1\"><b>Miembros de GATJ en Asia han dirigido una carta abierta a los gobiernos del continente<\/b><span style=\"font-weight: 400;\">, llam\u00e1ndolos a \u201ctomar medidas urgentes para hacer que las pol\u00edticas fiscales y tributarias respondan mejor a las necesidades de las personas y el planeta, y rechazar las pol\u00edticas e iniciativas que exacerbar\u00e1n las desigualdades dentro de los pa\u00edses y entre pa\u00edses, como el acuerdo fiscal de OCDE-G7-G20\u201d. Lea la\u00a0<\/span><a href=\"https:\/\/www.apmdd.org\/programs\/development-finance\/tj\/open-letter-to-asian-governments-reject-the-tax-deal-of-the-rich\"><span style=\"font-weight: 400;\">carta abierta<\/span><\/a><span style=\"font-weight: 400;\">\u00a0de Asian Peoples\u2019 Movement on Debt and Development y Freedom from Debt Coalition.<\/span><span style=\"font-weight: 400;\"><br \/>\n<\/span><span style=\"font-weight: 400;\">\u00a0<\/span><\/li>\n<\/ul>\n<p><b>Sobre la Alianza Global por la Justicia Fiscal\u00a0<\/b><\/p>\n<p><span style=\"font-weight: 400;\">La Alianza Global por la Justicia Fiscal (GATJ, por sus siglas en ingl\u00e9s) es una coalici\u00f3n global en el movimiento de la justicia fiscal. A nivel nacional, hacemos campa\u00f1as por sistemas tributarios progresivos y redistributivos, y a nivel internacional por una gobernanza tributaria global transparente, inclusiva y representativa.\u00a0<\/span><\/p>\n<p><span style=\"font-weight: 400;\">Creada en 2013, GATJ es el centro de coordinaci\u00f3n de redes regionales de justicia fiscal en Asia (Tax and Fiscal Justice Asia), \u00c1frica (Tax Justice Network Africa), Am\u00e9rica Latina (Red de Justicia Fiscal de Am\u00e9rica Latina y el Caribe), Europa (Tax Justice-Europe) y Am\u00e9rica del Norte (Canadian for Tax Fairness &amp; FACT Coalition), representando colectivamente a cientos de organizaciones.<\/span><\/p>\n<p><span style=\"font-weight: 400;\">\u00a0<\/span><\/p>\n<p><span style=\"font-weight: 400;\">Para m\u00e1s informaci\u00f3n, por favor p\u00f3ngase en contacto con:\u00a0<\/span><\/p>\n<p><span style=\"font-weight: 400;\">Lays Ushirobira<\/span><span style=\"font-weight: 400;\"><br \/>\n<\/span><span style=\"font-weight: 400;\">Coordinadora de comunicaciones y campa\u00f1as<\/span><span style=\"font-weight: 400;\"><br \/>\n<\/span><span style=\"font-weight: 400;\">Alianza Global por la Justicia Fiscal<\/span><span style=\"font-weight: 400;\"><br \/>\n<\/span><a href=\"mailto:lays@globaltaxjustice.org\"><span style=\"font-weight: 400;\">lays@globaltaxjustice.org<\/span><span style=\"font-weight: 400;\"><br \/>\n<\/span><\/a><span style=\"font-weight: 400;\">+55 11 975 486 755 | +33 7 81 15 67 55<\/span><\/p>\n","protected":false},"excerpt":{"rendered":"<p>Anticip\u00e1ndose a que el resultado del acuerdo fiscal que la OCDE finaliz\u00f3 hoy no beneficiar\u00eda a los pa\u00edses en desarrollo,<\/p>\n","protected":false},"featured_media":9658,"template":"","thematic-area":[136,124,122],"year":[119],"resource-type":[],"class_list":["post-9657","news","type-news","status-publish","has-post-thumbnail","hentry","thematic-area-convencion-fiscal-de-la-onu","thematic-area-fiscalidad-y-derechos-humanos","thematic-area-fiscalidad-y-extractivas","year-2021-es"],"acf":[],"yoast_head":"<!-- This site is optimized with the Yoast SEO plugin v27.2 - https:\/\/yoast.com\/product\/yoast-seo-wordpress\/ -->\n<title>El acuerdo fiscal de la OCDE s\u00f3lo profundizar\u00e1 las desigualdades en(tre) pa\u00edses - Global Tax Justice<\/title>\n<meta name=\"robots\" content=\"index, follow, max-snippet:-1, max-image-preview:large, max-video-preview:-1\" \/>\n<link rel=\"canonical\" href=\"https:\/\/globaltaxjustice.org\/es\/noticias\/el-acuerdo-fiscal-de-la-ocde-solo-profundizara-las-desigualdades-entre-paises\/\" \/>\n<meta property=\"og:locale\" content=\"es_ES\" \/>\n<meta property=\"og:type\" content=\"article\" \/>\n<meta property=\"og:title\" content=\"El acuerdo fiscal de la OCDE s\u00f3lo profundizar\u00e1 las desigualdades en(tre) pa\u00edses - Global Tax Justice\" \/>\n<meta property=\"og:description\" content=\"Anticip\u00e1ndose a que el resultado del acuerdo fiscal que la OCDE finaliz\u00f3 hoy no beneficiar\u00eda a los pa\u00edses en desarrollo,\" \/>\n<meta property=\"og:url\" content=\"https:\/\/globaltaxjustice.org\/es\/noticias\/el-acuerdo-fiscal-de-la-ocde-solo-profundizara-las-desigualdades-entre-paises\/\" \/>\n<meta property=\"og:site_name\" content=\"Global Tax Justice\" \/>\n<meta property=\"og:image\" content=\"https:\/\/globaltaxjustice.org\/wp-content\/uploads\/2022\/08\/2021-10-08-El-acuerdo-fiscal-de-la-OCDE-solo-profundizara-las-desigualdades-entre-paises-ES-IMAGEM-2.png\" \/>\n\t<meta property=\"og:image:width\" content=\"731\" \/>\n\t<meta property=\"og:image:height\" content=\"412\" \/>\n\t<meta property=\"og:image:type\" content=\"image\/png\" \/>\n<meta name=\"twitter:card\" content=\"summary_large_image\" \/>\n<meta name=\"twitter:label1\" content=\"Est. reading time\" \/>\n\t<meta name=\"twitter:data1\" content=\"7 minutos\" \/>\n<script type=\"application\/ld+json\" class=\"yoast-schema-graph\">{\"@context\":\"https:\/\/schema.org\",\"@graph\":[{\"@type\":\"WebPage\",\"@id\":\"https:\/\/globaltaxjustice.org\/es\/noticias\/el-acuerdo-fiscal-de-la-ocde-solo-profundizara-las-desigualdades-entre-paises\/\",\"url\":\"https:\/\/globaltaxjustice.org\/es\/noticias\/el-acuerdo-fiscal-de-la-ocde-solo-profundizara-las-desigualdades-entre-paises\/\",\"name\":\"El acuerdo fiscal de la OCDE s\u00f3lo profundizar\u00e1 las desigualdades en(tre) pa\u00edses - Global Tax Justice\",\"isPartOf\":{\"@id\":\"https:\/\/globaltaxjustice.org\/es\/#website\"},\"primaryImageOfPage\":{\"@id\":\"https:\/\/globaltaxjustice.org\/es\/noticias\/el-acuerdo-fiscal-de-la-ocde-solo-profundizara-las-desigualdades-entre-paises\/#primaryimage\"},\"image\":{\"@id\":\"https:\/\/globaltaxjustice.org\/es\/noticias\/el-acuerdo-fiscal-de-la-ocde-solo-profundizara-las-desigualdades-entre-paises\/#primaryimage\"},\"thumbnailUrl\":\"https:\/\/globaltaxjustice.org\/wp-content\/uploads\/2022\/08\/2021-10-08-El-acuerdo-fiscal-de-la-OCDE-solo-profundizara-las-desigualdades-entre-paises-ES-IMAGEM-2.png\",\"datePublished\":\"2022-08-27T22:57:24+00:00\",\"breadcrumb\":{\"@id\":\"https:\/\/globaltaxjustice.org\/es\/noticias\/el-acuerdo-fiscal-de-la-ocde-solo-profundizara-las-desigualdades-entre-paises\/#breadcrumb\"},\"inLanguage\":\"es\",\"potentialAction\":[{\"@type\":\"ReadAction\",\"target\":[\"https:\/\/globaltaxjustice.org\/es\/noticias\/el-acuerdo-fiscal-de-la-ocde-solo-profundizara-las-desigualdades-entre-paises\/\"]}]},{\"@type\":\"ImageObject\",\"inLanguage\":\"es\",\"@id\":\"https:\/\/globaltaxjustice.org\/es\/noticias\/el-acuerdo-fiscal-de-la-ocde-solo-profundizara-las-desigualdades-entre-paises\/#primaryimage\",\"url\":\"https:\/\/globaltaxjustice.org\/wp-content\/uploads\/2022\/08\/2021-10-08-El-acuerdo-fiscal-de-la-OCDE-solo-profundizara-las-desigualdades-entre-paises-ES-IMAGEM-2.png\",\"contentUrl\":\"https:\/\/globaltaxjustice.org\/wp-content\/uploads\/2022\/08\/2021-10-08-El-acuerdo-fiscal-de-la-OCDE-solo-profundizara-las-desigualdades-entre-paises-ES-IMAGEM-2.png\",\"width\":731,\"height\":412},{\"@type\":\"BreadcrumbList\",\"@id\":\"https:\/\/globaltaxjustice.org\/es\/noticias\/el-acuerdo-fiscal-de-la-ocde-solo-profundizara-las-desigualdades-entre-paises\/#breadcrumb\",\"itemListElement\":[{\"@type\":\"ListItem\",\"position\":1,\"name\":\"Home\",\"item\":\"https:\/\/globaltaxjustice.org\/es\/\"},{\"@type\":\"ListItem\",\"position\":2,\"name\":\"News\",\"item\":\"https:\/\/globaltaxjustice.org\/es\/noticias\/\"},{\"@type\":\"ListItem\",\"position\":3,\"name\":\"El acuerdo fiscal de la OCDE s\u00f3lo profundizar\u00e1 las desigualdades en(tre) pa\u00edses\"}]},{\"@type\":\"WebSite\",\"@id\":\"https:\/\/globaltaxjustice.org\/es\/#website\",\"url\":\"https:\/\/globaltaxjustice.org\/es\/\",\"name\":\"Global Tax Justice\",\"description\":\"Just another WordPress site\",\"publisher\":{\"@id\":\"https:\/\/globaltaxjustice.org\/es\/#organization\"},\"potentialAction\":[{\"@type\":\"SearchAction\",\"target\":{\"@type\":\"EntryPoint\",\"urlTemplate\":\"https:\/\/globaltaxjustice.org\/es\/?s={search_term_string}\"},\"query-input\":{\"@type\":\"PropertyValueSpecification\",\"valueRequired\":true,\"valueName\":\"search_term_string\"}}],\"inLanguage\":\"es\"},{\"@type\":\"Organization\",\"@id\":\"https:\/\/globaltaxjustice.org\/es\/#organization\",\"name\":\"Global Tax Justice\",\"url\":\"https:\/\/globaltaxjustice.org\/es\/\",\"logo\":{\"@type\":\"ImageObject\",\"inLanguage\":\"es\",\"@id\":\"https:\/\/globaltaxjustice.org\/es\/#\/schema\/logo\/image\/\",\"url\":\"https:\/\/globaltaxjustice.org\/wp-content\/uploads\/2024\/10\/logo_header.svg\",\"contentUrl\":\"https:\/\/globaltaxjustice.org\/wp-content\/uploads\/2024\/10\/logo_header.svg\",\"width\":229,\"height\":40,\"caption\":\"Global Tax Justice\"},\"image\":{\"@id\":\"https:\/\/globaltaxjustice.org\/es\/#\/schema\/logo\/image\/\"}}]}<\/script>\n<!-- \/ Yoast SEO plugin. -->","yoast_head_json":{"title":"El acuerdo fiscal de la OCDE s\u00f3lo profundizar\u00e1 las desigualdades en(tre) pa\u00edses - Global Tax Justice","robots":{"index":"index","follow":"follow","max-snippet":"max-snippet:-1","max-image-preview":"max-image-preview:large","max-video-preview":"max-video-preview:-1"},"canonical":"https:\/\/globaltaxjustice.org\/es\/noticias\/el-acuerdo-fiscal-de-la-ocde-solo-profundizara-las-desigualdades-entre-paises\/","og_locale":"es_ES","og_type":"article","og_title":"El acuerdo fiscal de la OCDE s\u00f3lo profundizar\u00e1 las desigualdades en(tre) pa\u00edses - Global Tax Justice","og_description":"Anticip\u00e1ndose a que el resultado del acuerdo fiscal que la OCDE finaliz\u00f3 hoy no beneficiar\u00eda a los pa\u00edses en desarrollo,","og_url":"https:\/\/globaltaxjustice.org\/es\/noticias\/el-acuerdo-fiscal-de-la-ocde-solo-profundizara-las-desigualdades-entre-paises\/","og_site_name":"Global Tax Justice","og_image":[{"width":731,"height":412,"url":"https:\/\/globaltaxjustice.org\/wp-content\/uploads\/2022\/08\/2021-10-08-El-acuerdo-fiscal-de-la-OCDE-solo-profundizara-las-desigualdades-entre-paises-ES-IMAGEM-2.png","type":"image\/png"}],"twitter_card":"summary_large_image","twitter_misc":{"Est. reading time":"7 minutos"},"schema":{"@context":"https:\/\/schema.org","@graph":[{"@type":"WebPage","@id":"https:\/\/globaltaxjustice.org\/es\/noticias\/el-acuerdo-fiscal-de-la-ocde-solo-profundizara-las-desigualdades-entre-paises\/","url":"https:\/\/globaltaxjustice.org\/es\/noticias\/el-acuerdo-fiscal-de-la-ocde-solo-profundizara-las-desigualdades-entre-paises\/","name":"El acuerdo fiscal de la OCDE s\u00f3lo profundizar\u00e1 las desigualdades en(tre) pa\u00edses - Global Tax Justice","isPartOf":{"@id":"https:\/\/globaltaxjustice.org\/es\/#website"},"primaryImageOfPage":{"@id":"https:\/\/globaltaxjustice.org\/es\/noticias\/el-acuerdo-fiscal-de-la-ocde-solo-profundizara-las-desigualdades-entre-paises\/#primaryimage"},"image":{"@id":"https:\/\/globaltaxjustice.org\/es\/noticias\/el-acuerdo-fiscal-de-la-ocde-solo-profundizara-las-desigualdades-entre-paises\/#primaryimage"},"thumbnailUrl":"https:\/\/globaltaxjustice.org\/wp-content\/uploads\/2022\/08\/2021-10-08-El-acuerdo-fiscal-de-la-OCDE-solo-profundizara-las-desigualdades-entre-paises-ES-IMAGEM-2.png","datePublished":"2022-08-27T22:57:24+00:00","breadcrumb":{"@id":"https:\/\/globaltaxjustice.org\/es\/noticias\/el-acuerdo-fiscal-de-la-ocde-solo-profundizara-las-desigualdades-entre-paises\/#breadcrumb"},"inLanguage":"es","potentialAction":[{"@type":"ReadAction","target":["https:\/\/globaltaxjustice.org\/es\/noticias\/el-acuerdo-fiscal-de-la-ocde-solo-profundizara-las-desigualdades-entre-paises\/"]}]},{"@type":"ImageObject","inLanguage":"es","@id":"https:\/\/globaltaxjustice.org\/es\/noticias\/el-acuerdo-fiscal-de-la-ocde-solo-profundizara-las-desigualdades-entre-paises\/#primaryimage","url":"https:\/\/globaltaxjustice.org\/wp-content\/uploads\/2022\/08\/2021-10-08-El-acuerdo-fiscal-de-la-OCDE-solo-profundizara-las-desigualdades-entre-paises-ES-IMAGEM-2.png","contentUrl":"https:\/\/globaltaxjustice.org\/wp-content\/uploads\/2022\/08\/2021-10-08-El-acuerdo-fiscal-de-la-OCDE-solo-profundizara-las-desigualdades-entre-paises-ES-IMAGEM-2.png","width":731,"height":412},{"@type":"BreadcrumbList","@id":"https:\/\/globaltaxjustice.org\/es\/noticias\/el-acuerdo-fiscal-de-la-ocde-solo-profundizara-las-desigualdades-entre-paises\/#breadcrumb","itemListElement":[{"@type":"ListItem","position":1,"name":"Home","item":"https:\/\/globaltaxjustice.org\/es\/"},{"@type":"ListItem","position":2,"name":"News","item":"https:\/\/globaltaxjustice.org\/es\/noticias\/"},{"@type":"ListItem","position":3,"name":"El acuerdo fiscal de la OCDE s\u00f3lo profundizar\u00e1 las desigualdades en(tre) pa\u00edses"}]},{"@type":"WebSite","@id":"https:\/\/globaltaxjustice.org\/es\/#website","url":"https:\/\/globaltaxjustice.org\/es\/","name":"Global Tax Justice","description":"Just another WordPress site","publisher":{"@id":"https:\/\/globaltaxjustice.org\/es\/#organization"},"potentialAction":[{"@type":"SearchAction","target":{"@type":"EntryPoint","urlTemplate":"https:\/\/globaltaxjustice.org\/es\/?s={search_term_string}"},"query-input":{"@type":"PropertyValueSpecification","valueRequired":true,"valueName":"search_term_string"}}],"inLanguage":"es"},{"@type":"Organization","@id":"https:\/\/globaltaxjustice.org\/es\/#organization","name":"Global Tax Justice","url":"https:\/\/globaltaxjustice.org\/es\/","logo":{"@type":"ImageObject","inLanguage":"es","@id":"https:\/\/globaltaxjustice.org\/es\/#\/schema\/logo\/image\/","url":"https:\/\/globaltaxjustice.org\/wp-content\/uploads\/2024\/10\/logo_header.svg","contentUrl":"https:\/\/globaltaxjustice.org\/wp-content\/uploads\/2024\/10\/logo_header.svg","width":229,"height":40,"caption":"Global Tax Justice"},"image":{"@id":"https:\/\/globaltaxjustice.org\/es\/#\/schema\/logo\/image\/"}}]}},"_links":{"self":[{"href":"https:\/\/globaltaxjustice.org\/es\/wp-json\/wp\/v2\/news\/9657","targetHints":{"allow":["GET"]}}],"collection":[{"href":"https:\/\/globaltaxjustice.org\/es\/wp-json\/wp\/v2\/news"}],"about":[{"href":"https:\/\/globaltaxjustice.org\/es\/wp-json\/wp\/v2\/types\/news"}],"version-history":[{"count":0,"href":"https:\/\/globaltaxjustice.org\/es\/wp-json\/wp\/v2\/news\/9657\/revisions"}],"wp:featuredmedia":[{"embeddable":true,"href":"https:\/\/globaltaxjustice.org\/es\/wp-json\/wp\/v2\/media\/9658"}],"wp:attachment":[{"href":"https:\/\/globaltaxjustice.org\/es\/wp-json\/wp\/v2\/media?parent=9657"}],"wp:term":[{"taxonomy":"thematic-area","embeddable":true,"href":"https:\/\/globaltaxjustice.org\/es\/wp-json\/wp\/v2\/thematic-area?post=9657"},{"taxonomy":"year","embeddable":true,"href":"https:\/\/globaltaxjustice.org\/es\/wp-json\/wp\/v2\/year?post=9657"},{"taxonomy":"resource-type","embeddable":true,"href":"https:\/\/globaltaxjustice.org\/es\/wp-json\/wp\/v2\/resource-type?post=9657"}],"curies":[{"name":"wp","href":"https:\/\/api.w.org\/{rel}","templated":true}]}}