{"id":9674,"date":"2022-08-27T23:04:12","date_gmt":"2022-08-27T23:04:12","guid":{"rendered":"https:\/\/globaltaxjustice.org\/?post_type=news&#038;p=9674"},"modified":"2022-08-27T23:04:12","modified_gmt":"2022-08-27T23:04:12","slug":"gatj-abre-inscripciones-para-la-conferencia-justicia-fiscal-e-igualdad-de-genero-2021","status":"publish","type":"news","link":"https:\/\/globaltaxjustice.org\/es\/noticias\/gatj-abre-inscripciones-para-la-conferencia-justicia-fiscal-e-igualdad-de-genero-2021\/","title":{"rendered":"GATJ abre inscripciones para la Conferencia Justicia Fiscal e Igualdad de G\u00e9nero 2021"},"content":{"rendered":"<p><span style=\"font-weight: 400;\">La\u00a0<\/span><b>Alianza Global por la Justicia Fiscal (GATJ)<\/b><span style=\"font-weight: 400;\">\u00a0abri\u00f3 inscripciones para la\u00a0<\/span><a href=\"https:\/\/taxandgender.globaltaxjustice.org\/\"><span style=\"font-weight: 400;\">Conferencia Justicia Fiscal e Igualdad de G\u00e9nero 2021<\/span><\/a><span style=\"font-weight: 400;\">, que ser\u00e1 del 6 al 8 de diciembre de 2021, bajo el tema \u201cPerspectivas feministas e imaginando un nuevo sistema tributario\u201d.\u00a0<\/span><\/p>\n<p><span style=\"font-weight: 400;\">Esta es una iniciativa conjunta con los miembros del\u00a0<\/span><b>Grupo de Trabajo de Tributaci\u00f3n y G\u00e9nero de GATJ<\/b><span style=\"font-weight: 400;\">, con el objetivo de crear un espacio para compartir, discutir y\u00a0<\/span><b>desarrollar perspectivas alternativas para establecer un sistema econ\u00f3mico y tributario feminista sostenible para la realizaci\u00f3n de la igualdad de g\u00e9nero sustantiva y los derechos de las mujeres<\/b><span style=\"font-weight: 400;\">.<\/span><\/p>\n<p><span style=\"font-weight: 400;\">\u201cDesde su creaci\u00f3n en 2016, el Grupo de Trabajo de Tributaci\u00f3n y G\u00e9nero ha sido un espacio seguro para que las organizaciones de la sociedad civil, la academia y los activistas se involucren en an\u00e1lisis de pol\u00edticas, movilizaciones y campa\u00f1as, con el objetivo de fortalecer la integraci\u00f3n global de la justicia fiscal y otros movimientos de justicia social y econ\u00f3mica. La conferencia ser\u00e1 una oportunidad para conectarnos, involucrarnos, aprender y construir alianzas para avanzar en las agendas de justicia fiscal y justicia de g\u00e9nero\u201d, dijo\u00a0<\/span><b>Caroline Othim<\/b><span style=\"font-weight: 400;\">, Coordinadora de Pol\u00edtica Global y Cabildeo de GATJ.<\/span><\/p>\n<p><span style=\"font-weight: 400;\">A lo largo de los tres d\u00edas de la conferencia en l\u00ednea, habr\u00e1 alrededor de 20\u00a0eventos (entre mesas redondas, talleres etc.), que son gratuitos y abiertos a cualquier persona. Consulte el programa y reg\u00edstrese para las sesiones a las que planea asistir en:\u00a0<\/span><a href=\"http:\/\/taxandgender.globaltaxjustice.org\/\"><span style=\"font-weight: 400;\">taxandgender.globaltaxjustice.org<\/span><\/a><span style=\"font-weight: 400;\">. Recibir\u00e1 autom\u00e1ticamente los enlaces para conectarse a las sesiones para las que se registr\u00f3.<\/span><\/p>\n<h4><b>Conferencia Justicia Fiscal e Igualdad de G\u00e9nero 2021<\/b><b><br \/>\n<\/b><b>6 al 8 de diciembre de 2021<\/b><b><br \/>\n<\/b><b>Nota conceptual en\u00a0<\/b><a href=\"http:\/\/globaltaxjustice.org\/wp-content\/uploads\/2022\/08\/2021-11-24-espanol-ES-PDF.pdf\"><b>espa\u00f1ol<\/b><\/a><b>,\u00a0<\/b><a href=\"http:\/\/globaltaxjustice.org\/wp-content\/uploads\/2022\/08\/2021-11-24-ingles-EN-PDF.pdf\"><b>ingl\u00e9s<\/b><\/a><b>\u00a0y\u00a0<\/b><a href=\"http:\/\/globaltaxjustice.org\/wp-content\/uploads\/2022\/08\/2021-11-24-frances-FR-PDF.pdf\"><b>franc\u00e9s<\/b><b><br \/>\n<\/b><\/a><b>Programaci\u00f3n e inscripciones:\u00a0<\/b><a href=\"https:\/\/taxandgender.globaltaxjustice.org\/\"><b>taxandgender.globaltaxjustice.org<\/b><\/a><\/h4>\n","protected":false},"excerpt":{"rendered":"<p>La Alianza Global por la Justicia Fiscal (GATJ) abri\u00f3 inscripciones para la Conferencia Justicia Fiscal e Igualdad de G\u00e9<\/p>\n","protected":false},"featured_media":9675,"template":"","thematic-area":[124,122,121],"year":[119],"resource-type":[],"class_list":["post-9674","news","type-news","status-publish","has-post-thumbnail","hentry","thematic-area-fiscalidad-y-derechos-humanos","thematic-area-fiscalidad-y-extractivas","thematic-area-fiscalidad-y-genero","year-2021-es"],"acf":[],"yoast_head":"<!-- This site is optimized with the Yoast SEO plugin v27.2 - https:\/\/yoast.com\/product\/yoast-seo-wordpress\/ -->\n<title>GATJ abre inscripciones para la Conferencia Justicia Fiscal e Igualdad de G\u00e9nero 2021 - Global Tax Justice<\/title>\n<meta name=\"robots\" content=\"index, follow, max-snippet:-1, max-image-preview:large, max-video-preview:-1\" \/>\n<link rel=\"canonical\" href=\"https:\/\/globaltaxjustice.org\/es\/noticias\/gatj-abre-inscripciones-para-la-conferencia-justicia-fiscal-e-igualdad-de-genero-2021\/\" \/>\n<meta property=\"og:locale\" content=\"es_ES\" \/>\n<meta property=\"og:type\" content=\"article\" \/>\n<meta property=\"og:title\" content=\"GATJ abre inscripciones para la Conferencia Justicia Fiscal e Igualdad de G\u00e9nero 2021 - Global Tax Justice\" \/>\n<meta property=\"og:description\" content=\"La Alianza Global por la Justicia Fiscal (GATJ) abri\u00f3 inscripciones para la Conferencia Justicia Fiscal e Igualdad de G\u00e9\" \/>\n<meta property=\"og:url\" content=\"https:\/\/globaltaxjustice.org\/es\/noticias\/gatj-abre-inscripciones-para-la-conferencia-justicia-fiscal-e-igualdad-de-genero-2021\/\" \/>\n<meta property=\"og:site_name\" content=\"Global Tax Justice\" \/>\n<meta property=\"og:image\" content=\"https:\/\/globaltaxjustice.org\/wp-content\/uploads\/2022\/08\/2021-1_2.png\" \/>\n\t<meta property=\"og:image:width\" content=\"731\" \/>\n\t<meta property=\"og:image:height\" content=\"412\" \/>\n\t<meta property=\"og:image:type\" content=\"image\/png\" \/>\n<meta name=\"twitter:card\" content=\"summary_large_image\" \/>\n<meta name=\"twitter:label1\" content=\"Est. reading time\" \/>\n\t<meta name=\"twitter:data1\" content=\"1 minuto\" \/>\n<script type=\"application\/ld+json\" class=\"yoast-schema-graph\">{\"@context\":\"https:\/\/schema.org\",\"@graph\":[{\"@type\":\"WebPage\",\"@id\":\"https:\/\/globaltaxjustice.org\/es\/noticias\/gatj-abre-inscripciones-para-la-conferencia-justicia-fiscal-e-igualdad-de-genero-2021\/\",\"url\":\"https:\/\/globaltaxjustice.org\/es\/noticias\/gatj-abre-inscripciones-para-la-conferencia-justicia-fiscal-e-igualdad-de-genero-2021\/\",\"name\":\"GATJ abre inscripciones para la Conferencia Justicia Fiscal e Igualdad de G\u00e9nero 2021 - Global Tax Justice\",\"isPartOf\":{\"@id\":\"https:\/\/globaltaxjustice.org\/es\/#website\"},\"primaryImageOfPage\":{\"@id\":\"https:\/\/globaltaxjustice.org\/es\/noticias\/gatj-abre-inscripciones-para-la-conferencia-justicia-fiscal-e-igualdad-de-genero-2021\/#primaryimage\"},\"image\":{\"@id\":\"https:\/\/globaltaxjustice.org\/es\/noticias\/gatj-abre-inscripciones-para-la-conferencia-justicia-fiscal-e-igualdad-de-genero-2021\/#primaryimage\"},\"thumbnailUrl\":\"https:\/\/globaltaxjustice.org\/wp-content\/uploads\/2022\/08\/2021-1_2.png\",\"datePublished\":\"2022-08-27T23:04:12+00:00\",\"breadcrumb\":{\"@id\":\"https:\/\/globaltaxjustice.org\/es\/noticias\/gatj-abre-inscripciones-para-la-conferencia-justicia-fiscal-e-igualdad-de-genero-2021\/#breadcrumb\"},\"inLanguage\":\"es\",\"potentialAction\":[{\"@type\":\"ReadAction\",\"target\":[\"https:\/\/globaltaxjustice.org\/es\/noticias\/gatj-abre-inscripciones-para-la-conferencia-justicia-fiscal-e-igualdad-de-genero-2021\/\"]}]},{\"@type\":\"ImageObject\",\"inLanguage\":\"es\",\"@id\":\"https:\/\/globaltaxjustice.org\/es\/noticias\/gatj-abre-inscripciones-para-la-conferencia-justicia-fiscal-e-igualdad-de-genero-2021\/#primaryimage\",\"url\":\"https:\/\/globaltaxjustice.org\/wp-content\/uploads\/2022\/08\/2021-1_2.png\",\"contentUrl\":\"https:\/\/globaltaxjustice.org\/wp-content\/uploads\/2022\/08\/2021-1_2.png\",\"width\":731,\"height\":412},{\"@type\":\"BreadcrumbList\",\"@id\":\"https:\/\/globaltaxjustice.org\/es\/noticias\/gatj-abre-inscripciones-para-la-conferencia-justicia-fiscal-e-igualdad-de-genero-2021\/#breadcrumb\",\"itemListElement\":[{\"@type\":\"ListItem\",\"position\":1,\"name\":\"Home\",\"item\":\"https:\/\/globaltaxjustice.org\/es\/\"},{\"@type\":\"ListItem\",\"position\":2,\"name\":\"News\",\"item\":\"https:\/\/globaltaxjustice.org\/es\/noticias\/\"},{\"@type\":\"ListItem\",\"position\":3,\"name\":\"GATJ abre inscripciones para la Conferencia Justicia Fiscal e Igualdad de G\u00e9nero 2021\"}]},{\"@type\":\"WebSite\",\"@id\":\"https:\/\/globaltaxjustice.org\/es\/#website\",\"url\":\"https:\/\/globaltaxjustice.org\/es\/\",\"name\":\"Global Tax Justice\",\"description\":\"Just another WordPress site\",\"publisher\":{\"@id\":\"https:\/\/globaltaxjustice.org\/es\/#organization\"},\"potentialAction\":[{\"@type\":\"SearchAction\",\"target\":{\"@type\":\"EntryPoint\",\"urlTemplate\":\"https:\/\/globaltaxjustice.org\/es\/?s={search_term_string}\"},\"query-input\":{\"@type\":\"PropertyValueSpecification\",\"valueRequired\":true,\"valueName\":\"search_term_string\"}}],\"inLanguage\":\"es\"},{\"@type\":\"Organization\",\"@id\":\"https:\/\/globaltaxjustice.org\/es\/#organization\",\"name\":\"Global Tax Justice\",\"url\":\"https:\/\/globaltaxjustice.org\/es\/\",\"logo\":{\"@type\":\"ImageObject\",\"inLanguage\":\"es\",\"@id\":\"https:\/\/globaltaxjustice.org\/es\/#\/schema\/logo\/image\/\",\"url\":\"https:\/\/globaltaxjustice.org\/wp-content\/uploads\/2024\/10\/logo_header.svg\",\"contentUrl\":\"https:\/\/globaltaxjustice.org\/wp-content\/uploads\/2024\/10\/logo_header.svg\",\"width\":229,\"height\":40,\"caption\":\"Global Tax Justice\"},\"image\":{\"@id\":\"https:\/\/globaltaxjustice.org\/es\/#\/schema\/logo\/image\/\"}}]}<\/script>\n<!-- \/ Yoast SEO plugin. -->","yoast_head_json":{"title":"GATJ abre inscripciones para la Conferencia Justicia Fiscal e Igualdad de G\u00e9nero 2021 - Global Tax Justice","robots":{"index":"index","follow":"follow","max-snippet":"max-snippet:-1","max-image-preview":"max-image-preview:large","max-video-preview":"max-video-preview:-1"},"canonical":"https:\/\/globaltaxjustice.org\/es\/noticias\/gatj-abre-inscripciones-para-la-conferencia-justicia-fiscal-e-igualdad-de-genero-2021\/","og_locale":"es_ES","og_type":"article","og_title":"GATJ abre inscripciones para la Conferencia Justicia Fiscal e Igualdad de G\u00e9nero 2021 - Global Tax Justice","og_description":"La Alianza Global por la Justicia Fiscal (GATJ) abri\u00f3 inscripciones para la Conferencia Justicia Fiscal e Igualdad de G\u00e9","og_url":"https:\/\/globaltaxjustice.org\/es\/noticias\/gatj-abre-inscripciones-para-la-conferencia-justicia-fiscal-e-igualdad-de-genero-2021\/","og_site_name":"Global Tax Justice","og_image":[{"width":731,"height":412,"url":"https:\/\/globaltaxjustice.org\/wp-content\/uploads\/2022\/08\/2021-1_2.png","type":"image\/png"}],"twitter_card":"summary_large_image","twitter_misc":{"Est. reading time":"1 minuto"},"schema":{"@context":"https:\/\/schema.org","@graph":[{"@type":"WebPage","@id":"https:\/\/globaltaxjustice.org\/es\/noticias\/gatj-abre-inscripciones-para-la-conferencia-justicia-fiscal-e-igualdad-de-genero-2021\/","url":"https:\/\/globaltaxjustice.org\/es\/noticias\/gatj-abre-inscripciones-para-la-conferencia-justicia-fiscal-e-igualdad-de-genero-2021\/","name":"GATJ abre inscripciones para la Conferencia Justicia Fiscal e Igualdad de G\u00e9nero 2021 - Global Tax Justice","isPartOf":{"@id":"https:\/\/globaltaxjustice.org\/es\/#website"},"primaryImageOfPage":{"@id":"https:\/\/globaltaxjustice.org\/es\/noticias\/gatj-abre-inscripciones-para-la-conferencia-justicia-fiscal-e-igualdad-de-genero-2021\/#primaryimage"},"image":{"@id":"https:\/\/globaltaxjustice.org\/es\/noticias\/gatj-abre-inscripciones-para-la-conferencia-justicia-fiscal-e-igualdad-de-genero-2021\/#primaryimage"},"thumbnailUrl":"https:\/\/globaltaxjustice.org\/wp-content\/uploads\/2022\/08\/2021-1_2.png","datePublished":"2022-08-27T23:04:12+00:00","breadcrumb":{"@id":"https:\/\/globaltaxjustice.org\/es\/noticias\/gatj-abre-inscripciones-para-la-conferencia-justicia-fiscal-e-igualdad-de-genero-2021\/#breadcrumb"},"inLanguage":"es","potentialAction":[{"@type":"ReadAction","target":["https:\/\/globaltaxjustice.org\/es\/noticias\/gatj-abre-inscripciones-para-la-conferencia-justicia-fiscal-e-igualdad-de-genero-2021\/"]}]},{"@type":"ImageObject","inLanguage":"es","@id":"https:\/\/globaltaxjustice.org\/es\/noticias\/gatj-abre-inscripciones-para-la-conferencia-justicia-fiscal-e-igualdad-de-genero-2021\/#primaryimage","url":"https:\/\/globaltaxjustice.org\/wp-content\/uploads\/2022\/08\/2021-1_2.png","contentUrl":"https:\/\/globaltaxjustice.org\/wp-content\/uploads\/2022\/08\/2021-1_2.png","width":731,"height":412},{"@type":"BreadcrumbList","@id":"https:\/\/globaltaxjustice.org\/es\/noticias\/gatj-abre-inscripciones-para-la-conferencia-justicia-fiscal-e-igualdad-de-genero-2021\/#breadcrumb","itemListElement":[{"@type":"ListItem","position":1,"name":"Home","item":"https:\/\/globaltaxjustice.org\/es\/"},{"@type":"ListItem","position":2,"name":"News","item":"https:\/\/globaltaxjustice.org\/es\/noticias\/"},{"@type":"ListItem","position":3,"name":"GATJ abre inscripciones para la Conferencia Justicia Fiscal e Igualdad de G\u00e9nero 2021"}]},{"@type":"WebSite","@id":"https:\/\/globaltaxjustice.org\/es\/#website","url":"https:\/\/globaltaxjustice.org\/es\/","name":"Global Tax Justice","description":"Just another WordPress site","publisher":{"@id":"https:\/\/globaltaxjustice.org\/es\/#organization"},"potentialAction":[{"@type":"SearchAction","target":{"@type":"EntryPoint","urlTemplate":"https:\/\/globaltaxjustice.org\/es\/?s={search_term_string}"},"query-input":{"@type":"PropertyValueSpecification","valueRequired":true,"valueName":"search_term_string"}}],"inLanguage":"es"},{"@type":"Organization","@id":"https:\/\/globaltaxjustice.org\/es\/#organization","name":"Global Tax Justice","url":"https:\/\/globaltaxjustice.org\/es\/","logo":{"@type":"ImageObject","inLanguage":"es","@id":"https:\/\/globaltaxjustice.org\/es\/#\/schema\/logo\/image\/","url":"https:\/\/globaltaxjustice.org\/wp-content\/uploads\/2024\/10\/logo_header.svg","contentUrl":"https:\/\/globaltaxjustice.org\/wp-content\/uploads\/2024\/10\/logo_header.svg","width":229,"height":40,"caption":"Global Tax Justice"},"image":{"@id":"https:\/\/globaltaxjustice.org\/es\/#\/schema\/logo\/image\/"}}]}},"_links":{"self":[{"href":"https:\/\/globaltaxjustice.org\/es\/wp-json\/wp\/v2\/news\/9674","targetHints":{"allow":["GET"]}}],"collection":[{"href":"https:\/\/globaltaxjustice.org\/es\/wp-json\/wp\/v2\/news"}],"about":[{"href":"https:\/\/globaltaxjustice.org\/es\/wp-json\/wp\/v2\/types\/news"}],"version-history":[{"count":0,"href":"https:\/\/globaltaxjustice.org\/es\/wp-json\/wp\/v2\/news\/9674\/revisions"}],"wp:featuredmedia":[{"embeddable":true,"href":"https:\/\/globaltaxjustice.org\/es\/wp-json\/wp\/v2\/media\/9675"}],"wp:attachment":[{"href":"https:\/\/globaltaxjustice.org\/es\/wp-json\/wp\/v2\/media?parent=9674"}],"wp:term":[{"taxonomy":"thematic-area","embeddable":true,"href":"https:\/\/globaltaxjustice.org\/es\/wp-json\/wp\/v2\/thematic-area?post=9674"},{"taxonomy":"year","embeddable":true,"href":"https:\/\/globaltaxjustice.org\/es\/wp-json\/wp\/v2\/year?post=9674"},{"taxonomy":"resource-type","embeddable":true,"href":"https:\/\/globaltaxjustice.org\/es\/wp-json\/wp\/v2\/resource-type?post=9674"}],"curies":[{"name":"wp","href":"https:\/\/api.w.org\/{rel}","templated":true}]}}