{"id":9683,"date":"2022-08-27T23:07:57","date_gmt":"2022-08-27T23:07:57","guid":{"rendered":"https:\/\/globaltaxjustice.org\/?post_type=news&#038;p=9683"},"modified":"2022-08-27T23:07:57","modified_gmt":"2022-08-27T23:07:57","slug":"necesitamos-justicia-fiscal-para-la-igualdad-de-genero-ahora","status":"publish","type":"news","link":"https:\/\/globaltaxjustice.org\/es\/noticias\/necesitamos-justicia-fiscal-para-la-igualdad-de-genero-ahora\/","title":{"rendered":"Necesitamos justicia fiscal para la igualdad de g\u00e9nero AHORA"},"content":{"rendered":"<p><b>Descargue la declaraci\u00f3n abajo en PDF:\u00a0<\/b><a href=\"http:\/\/globaltaxjustice.org\/wp-content\/uploads\/2022\/08\/2022-01-11-espanol-ES-PDF.pdf\"><b>espa\u00f1ol<\/b><\/a><b>,\u00a0<\/b><a href=\"http:\/\/globaltaxjustice.org\/wp-content\/uploads\/2022\/08\/2022-01-11-ingles-EN-PDF.pdf\"><b>ingl\u00e9s<\/b><\/a><b>,\u00a0<\/b><a href=\"http:\/\/globaltaxjustice.org\/wp-content\/uploads\/2022\/08\/2022-01-11-ingles-FR-PDF.pdf\"><b>franc\u00e9s<\/b><\/a><\/p>\n<p><span style=\"font-weight: 400;\">Del 6 al 8 de diciembre de 2021, la Alianza Global por la Justicia Fiscal (GATJ) realiz\u00f3 la\u00a0<\/span><a href=\"http:\/\/taxandgender.globaltaxjustice.org\/\"><span style=\"font-weight: 400;\">Conferencia de Justicia Fiscal e Igualdad de G\u00e9nero 2021<\/span><\/a><span style=\"font-weight: 400;\">\u00a0con miembros y aliados. A lo largo de los tres d\u00edas, hubo varias sesiones para compartir, discutir y desarrollar perspectivas alternativas para establecer una tributaci\u00f3n feminista sostenible y promover un sistema econ\u00f3mico para el logro de la igualdad sustantiva de g\u00e9nero y los derechos de la mujer. La conferencia destac\u00f3 m\u00faltiples desigualdades estructurales que se cruzan antes de la crisis, que se agudizaron o profundizaron y tuvieron un efecto desproporcionado en las mujeres y los pa\u00edses del Sur global.<\/span><\/p>\n<p><span style=\"font-weight: 400;\">Se identific\u00f3 la necesidad de poner fin a la distribuci\u00f3n enormemente desigual por g\u00e9nero del trabajo de cuidados (remunerado y no remunerado) y la naturaleza insegura, desprotegida y precaria de este trabajo. Los participantes reconocen que los pa\u00edses tienen una oportunidad \u00fanica y la obligaci\u00f3n de construir sistemas fiscales basados en derechos y atenci\u00f3n social m\u00e1s s\u00f3lidos despu\u00e9s de la crisis.<\/span><\/p>\n<p><b>Algunas de las posturas pol\u00edticas clave que se analizaron y presentaron durante la conferencia incluyen:<\/b><\/p>\n<ol>\n<li><b> Recuperaci\u00f3n de la crisis socioecon\u00f3mica de la COVID-19 que sea centrada en el feminismo y reforma de la arquitectura financiera y fiscal internacional<\/b><\/li>\n<\/ol>\n<p><span style=\"font-weight: 400;\">El enfoque clave, particularmente en respuesta a las crisis socioecon\u00f3micas exacerbadas por la pandemia de la COVID-19, es la renovada demanda del Grupo de Trabajo de Tributaci\u00f3n y G\u00e9nero de la GATJ para crear un sistema fiscal y financiero global feminista para abordar las desigualdades econ\u00f3micas, de g\u00e9nero y raciales. Una recuperaci\u00f3n transformadora justa requerir\u00e1 sistemas fiscales y tributarios progresivos para la realizaci\u00f3n de la igualdad de g\u00e9nero sustantiva y los derechos de las mujeres mediante la expansi\u00f3n de la cobertura de los esquemas de seguridad social, la reorientaci\u00f3n de las necesidades de gasto desde una perspectiva de g\u00e9nero y la orientaci\u00f3n hacia servicios p\u00fablicos y protecci\u00f3n social transformadores de g\u00e9nero en lugar de grandes empresas. Los problemas de deuda, impuestos, flujos financieros il\u00edcitos (FFI) y financiamiento clim\u00e1tico se han abordado de manera escalonada y est\u00e1n intr\u00ednsecamente interconectados. La pandemia de la COVID-19 ha revelado c\u00f3mo la arquitectura financiera internacional sigue adoleciendo de debilidades sist\u00e9micas que crean oportunidades para que las grandes empresas y las personas adineradas aprovechen las lagunas del sistema tributario para facilitar los FFI y el abuso fiscal. Esta explotaci\u00f3n se basa en trayectorias hist\u00f3ricas del colonialismo, imperialismo y patriarcado. La no inclusi\u00f3n del sector de servicios financieros en el\u00a0<\/span><a href=\"https:\/\/www.oecd.org\/tax\/beps\/statement-on-a-two-pillar-solution-to-address-the-tax-challenges-arising-from-the-digitalisation-of-the-economy-october-2021.pdf\"><span style=\"font-weight: 400;\">Pilar I del acuerdo fiscal global<\/span><\/a><span style=\"font-weight: 400;\">\u00a0indica c\u00f3mo el proceso internacional est\u00e1 comprometido a favor de los dominantes y poderosos. Por lo tanto, destacamos que es necesario examinar la arquitectura fiscal global fundamentalmente defectuosa para lograr un espacio m\u00e1s democr\u00e1tico y descolonizado donde se lleve a cabo el establecimiento de est\u00e1ndares globales para los impuestos. Incluso mediante el establecimiento de un organismo fiscal global intergubernamental inclusivo de la ONU, donde todos los pa\u00edses tengan un asiento en la mesa y tengan la misma voz en la determinaci\u00f3n de las normas fiscales internacionales.\u00a0<\/span><\/p>\n<ol start=\"2\">\n<li><b> Reducir los flujos financieros il\u00edcitos y la evasi\u00f3n fiscal por parte de las empresas multinacionales (EMN) y las \u00e9lites ricas<\/b><\/li>\n<\/ol>\n<p><span style=\"font-weight: 400;\">Cada a\u00f1o, los pa\u00edses pierden miles de millones de d\u00f3lares en ingresos fiscales, que podr\u00edan haberse gastado en servicios p\u00fablicos de calidad y la realizaci\u00f3n de los derechos humanos, a trav\u00e9s de FFI y la evasi\u00f3n de impuestos por parte de las multinacionales y las \u00e9lites ricas.\u00a0<\/span><a href=\"https:\/\/blogs.imf.org\/2021\/11\/05\/countering-tax-avoidance-in-sub-saharan-africas-mining-sector\/\"><span style=\"font-weight: 400;\">Un informe reciente del FMI<\/span><\/a><span style=\"font-weight: 400;\">\u00a0encuentra que los pa\u00edses africanos est\u00e1n perdiendo entre US$470 millones y US$730 millones por a\u00f1o en la evasi\u00f3n de impuestos empresariales solo en el sector minero. Estos son fondos perdidos que podr\u00edan canalizarse para mejorar las vidas y cumplir los derechos de las mujeres y las ni\u00f1as en el \u00c1frica subsahariana. Los gobiernos tambi\u00e9n se encuentran bajo presi\u00f3n por parte del Fondo Monetario Internacional (FMI) y el Banco Mundial para aumentar las tasas de impuestos al consumo y la dependencia de la recaudaci\u00f3n de ingresos de los impuestos al consumo, que son en gran medida regresivos y perjudican m\u00e1s a las personas de bajos ingresos, especialmente a las mujeres que viven en la pobreza. Los pa\u00edses del Sur global tambi\u00e9n se ven presionados a firmar desfavorables acuerdos de doble imposici\u00f3n (DTA, seg\u00fan siglas en ingl\u00e9s) con el pretexto de que sirven para atraer inversiones. No obstante, en realidad en muchos casos conducen a p\u00e9rdidas de ingresos inmediatas ya que reducen las tasas de imposici\u00f3n de las transacciones extranjeras de las empresas multinacionales, as\u00ed como p\u00e9rdidas a largo plazo en t\u00e9rminos de la cesi\u00f3n de derechos impositivos en \u00e1reas como impuestos de ganancias de capital al momento de la transferencia de propiedad.\u00a0<\/span><\/p>\n<p><span style=\"font-weight: 400;\">Las pr\u00e1cticas agresivas de planificaci\u00f3n fiscal, facilitadas por abogados, banqueros y profesionales contables, niegan injustamente a los gobiernos los recursos necesarios para defender los derechos de la mujer. Los gobiernos deben abordar la elusi\u00f3n y la evasi\u00f3n fiscales a trav\u00e9s de medidas de transparencia como: informes p\u00fablicos pa\u00eds por pa\u00eds de las grandes empresas multinacionales para determinar si se pagan impuestos donde tiene lugar la actividad econ\u00f3mica; intercambio autom\u00e1tico de informaci\u00f3n para permitir que las autoridades de supervisi\u00f3n, especialmente en el Sur global, tengan acceso inmediato a la informaci\u00f3n de cuentas y activos extranjeros; acceso a los mecanismos existentes que documenten las transacciones financieras internacionales como el sistema de mensajer\u00eda SWIFT a los pa\u00edses del Sur global para una mayor rendici\u00f3n de cuentas; creaci\u00f3n de registros p\u00fablicos de beneficiarios reales (la persona real que en \u00faltima instancia posee, controla o se beneficia de una empresa o fondo fiduciario y los ingresos que genera) para que las autoridades, los parlamentarios, los periodistas y el p\u00fablico en general tengan acceso a la informaci\u00f3n de propiedad de las empresas tenedoras y las personas adineradas responsables ante la sociedad; eliminando la pr\u00e1ctica de precios de transferencia abusivos y tomando medidas en\u00e9rgicas contra los para\u00edsos fiscales.<\/span><\/p>\n<ol start=\"3\">\n<li><b> Adopci\u00f3n de sistemas fiscales progresivos con igualdad de g\u00e9nero<\/b><\/li>\n<\/ol>\n<p><span style=\"font-weight: 400;\">Los sistemas tributarios regresivos siguen perpetuando la desigualdad social, econ\u00f3mica y racial-de g\u00e9nero y las violaciones de los derechos humanos, y quienes viven en la pobreza y son marginados son los m\u00e1s afectados. La carga general de las pol\u00edticas fiscales regresivas derivadas de la reducci\u00f3n de los recursos internos de los pa\u00edses del Sur global recae de manera desproporcionada sobre las mujeres. No solo representan una mayor proporci\u00f3n de los que viven en la pobreza, sino que tambi\u00e9n constituyen un gran porcentaje de los trabajadores de bajos ingresos y los trabajadores ocultos. Un reciente\u00a0<\/span><a href=\"https:\/\/wir2022.wid.world\/\"><span style=\"font-weight: 400;\">Informe de Desigualdad Mundial 2022<\/span><\/a><span style=\"font-weight: 400;\">\u00a0indic\u00f3 que los ingresos de las mujeres en 2015-2022 eran solo el 15 % de los ingresos totales en la regi\u00f3n \u00e1rabe, el 21 % en Asia fuera de China y el 28 % en \u00c1frica subsahariana, en comparaci\u00f3n con el promedio mundial del 35 %. Esto significa que la dependencia de impuestos regresivos al consumo perjudica desproporcionadamente a las mujeres, ya que su participaci\u00f3n proporcional en los impuestos al valor agregado (IVA) es mucho mayor de sus ingresos totales. En t\u00e9rminos de\u00a0<\/span><a href=\"https:\/\/www.oxfam.org\/en\/5-shocking-facts-about-extreme-global-inequality-and-how-even-it\"><span style=\"font-weight: 400;\">desigualdad en salud,<\/span><\/a><span style=\"font-weight: 400;\">\u00a0el 50 % inferior de la poblaci\u00f3n mundial (de la cual las mujeres son mayor\u00eda) posee solo el 7 % de la riqueza mundial. La carga fiscal tambi\u00e9n recae sobre la gran poblaci\u00f3n de trabajadores informales (en su mayor\u00eda mujeres en la mayor\u00eda de los contextos) que no se benefician de muchos reg\u00edmenes de seguridad social. Mientras tanto, se ven perjudicados por los impuestos o tarifas de tipo fijo y el IVA regresivo y no se benefician de los incentivos o subvenciones fiscales ni de las bajas tasas de impuestos empresariales que se acumulan en las empresas \u00abformales\u00bb. La pol\u00edtica fiscal actual est\u00e1 sesgada en contra de las mujeres porque tiende a aumentar la incidencia de impuestos sobre las mujeres m\u00e1s pobres sin generar suficientes ingresos para financiar los programas y servicios necesarios para mejorar la vida de estas mujeres y hacer realidad sus derechos: a la salud, la atenci\u00f3n, la educaci\u00f3n, a un trabajo decente, un nivel de vida adecuado y m\u00e1s. Una de las preocupaciones fundamentales de las finanzas p\u00fablicas y la justicia fiscal es c\u00f3mo distribuir la carga fiscal para que no intensifique las desigualdades de g\u00e9nero e interseccionales. Una de las v\u00edas para un sistema fiscal feminista es la tributaci\u00f3n progresiva y los pa\u00edses que realizan evaluaciones de impacto de g\u00e9nero de las pol\u00edticas fiscales, acuerdos de asociaci\u00f3n econ\u00f3mica, tratados de inversi\u00f3n y otros instrumentos similares que pueden tener elementos fiscales. La forma en que se recaudan los impuestos juega un papel en la distribuci\u00f3n de los recursos y la forma en que los ciudadanos est\u00e1n representados en la formulaci\u00f3n de pol\u00edticas fiscales. La tributaci\u00f3n progresiva significa tasas impositivas m\u00e1s altas para las personas que ganan o tienen m\u00e1s riqueza, mayores ingresos, activos y otros recursos y es un claro ejemplo de progresividad y es redistributivo de los ricos a los que viven en la pobreza. Por lo tanto, pedimos que los gobiernos implementen reformas estructurales que defiendan la justicia redistributiva, incluidas reformas equitativas y progresivas en los sistemas fiscales.<\/span><\/p>\n<ol start=\"4\">\n<li><b> Centralidad de cuidado y justicia fiscal<\/b><\/li>\n<\/ol>\n<p><span style=\"font-weight: 400;\">La pandemia de la COVID-19 ha tra\u00eddo el tema de servicios y trabajos de cuidado a la conferencia y destac\u00f3 c\u00f3mo nuestras sociedades est\u00e1n poco preparadas para responder a dichas crisis. En todos los pa\u00edses, la mayor parte de la responsabilidad del cuidado recae sobre las mujeres, y este desequilibrio se agrava durante los per\u00edodos de crisis. La pandemia ha expuesto la necesidad de cambiar el discurso de la econom\u00eda del cuidado, que se ha utilizado como motor de la mercantilizaci\u00f3n del cuidado, hacia la organizaci\u00f3n social del cuidado. Las responsabilidades de cuidado se distribuyen de manera desigual entre los hogares, el Estado, el mercado, la comunidad y entre mujeres y hombres. Esta discriminaci\u00f3n es la base de otras limitaciones a la participaci\u00f3n y la toma de decisiones plenas y efectivas de las mujeres en la vida p\u00fablica. La privatizaci\u00f3n de los servicios de atenci\u00f3n implica una din\u00e1mica de reducci\u00f3n del tiempo a costa de la calidad de los servicios de atenci\u00f3n. La privatizaci\u00f3n y la financiarizaci\u00f3n, al mismo tiempo, combinadas con los bajos salarios en el sector de cuidados remunerados, implican una extracci\u00f3n global de mano de obra femenina y conducen a las llamadas \u00abcadenas globales de cuidados\u00bb que privilegian los hogares en el Norte global, al tiempo que aumentan el cuidado brecha en el Sur global.\u00a0<\/span><\/p>\n<p><span style=\"font-weight: 400;\">Es necesario reconstruir la organizaci\u00f3n social del cuidado, que implica el marco de las 5R: i)\u00a0 Reconocer el valor econ\u00f3mico del trabajo de cuidados y el cuidado como derecho humano.\u00a0 ii) Recompensar el trabajo decente y la protecci\u00f3n social iii) Reducir la carga del trabajo de cuidados no remunerado para las mujeres iv) Redistribuir trabajo de cuidado entre los hogares y el Estado y v)\u00a0<\/span><a href=\"https:\/\/publicservices.international\/resources\/videos\/reclaim-the-public-nature-of-care?id=12548&amp;lang=en\"><span style=\"font-weight: 400;\">Reclamar<\/span><\/a><span style=\"font-weight: 400;\">\u00a0el car\u00e1cter p\u00fablico de los servicios de atenci\u00f3n y la principal responsabilidad de los Estados en la financiaci\u00f3n y prestaci\u00f3n de los servicios de atenci\u00f3n p\u00fablica y universal.\u00a0<\/span><a href=\"https:\/\/www.womankind.org.uk\/resource\/towards-a-just-feminist-economy\/\"><span style=\"font-weight: 400;\">Modelos econ\u00f3micos alternativos como una econom\u00eda feminista justa<\/span><\/a><span style=\"font-weight: 400;\">\u00a0o una\u00a0<\/span><a href=\"https:\/\/www.cesr.org\/rights-based-economy-putting-people-and-planet-first\"><span style=\"font-weight: 400;\">econom\u00eda basada en derechos<\/span><\/a><span style=\"font-weight: 400;\">\u00a0reducir\u00eda la carga de tiempo del trabajo de cuidados, proporcionar\u00eda ingresos seguros, incluida la renta b\u00e1sica universal, justicia fiscal con suficientes recursos p\u00fablicos para garantizar los niveles m\u00e1ximos de atenci\u00f3n y salud, y promover\u00eda la seguridad y la capacidad de las mujeres para participar en la actividad pol\u00edtica.<\/span><\/p>\n<ol start=\"5\">\n<li><b> Dimensi\u00f3n de g\u00e9nero de la justicia fiscal en el sector extractivo<\/b><\/li>\n<\/ol>\n<p><span style=\"font-weight: 400;\">La justicia fiscal en las industrias extractivas es particularmente importante dado que estos sectores son muy complejos, suelen tener impactos muy negativos en las comunidades en las que operan, suelen recibir generosos incentivos fiscales e involucran intereses p\u00fablicos, accionistas y personales superpuestos. Estos factores socavan los esfuerzos de movilizaci\u00f3n de recursos internos que son fundamentales para satisfacer las necesidades de servicios sociales p\u00fablicos, especialmente de mujeres y ni\u00f1as ubicadas en naciones ricas en recursos en el Sur global. Los gobiernos deben garantizar que los impuestos se recauden y gasten de manera justa y que los ingresos, incluidos los del<\/span><a href=\"https:\/\/www.pwyp.org\/wp-content\/uploads\/2020\/10\/ENDORSED_Feminist-Natural-Resource-Governance-Agenda-for-the-Action-Coalition-on-Economic-Justice.pdf\"><span style=\"font-weight: 400;\">\u00a0trabajo de industrias extractivas<\/span><\/a><span style=\"font-weight: 400;\">\u00a0para los derechos de las ni\u00f1as y las mujeres (por ejemplo, invirtiendo y redistribuyendo los ingresos en programas p\u00fablicos y servicios p\u00fablicos que abordan la atenci\u00f3n no remunerada, la salud de la mujer y la violencia contra las mujeres y las ni\u00f1as). Los gobiernos deben detener los flujos financieros il\u00edcitos, los abusos fiscales y la planificaci\u00f3n fiscal agresiva, incluso en el sector de las industrias extractivas. Pedimos que implementen presupuestos con perspectiva de g\u00e9nero para que los estados puedan movilizar el m\u00e1ximo de recursos, incluso de las industrias extractivas, para el desarrollo sostenible y promover la igualdad de g\u00e9nero.<\/span><\/p>\n<ol start=\"6\">\n<li><b> El desaf\u00edo de la privatizaci\u00f3n, la consolidaci\u00f3n fiscal (austeridad) y la crisis de la deuda<\/b><\/li>\n<\/ol>\n<p><span style=\"font-weight: 400;\">A pesar de los aportes sostenidos y sustantivos de las OSC, acad\u00e9micos, investigadores y movimientos sociales sobre el impacto de las pol\u00edticas macroecon\u00f3micas neoliberales convencionales, la tributaci\u00f3n regresiva, la privatizaci\u00f3n y la consolidaci\u00f3n fiscal (austeridad) en respuesta a las crisis econ\u00f3micas; el FMI, el Banco Mundial, el G20 y la OCDE contin\u00faan promoviendo estas pol\u00edticas como receta de crecimiento y medida necesaria para mejorar el clima de inversi\u00f3n. Por ejemplo, el 84 % de todos los acuerdos de financiamiento r\u00e1pido y de emergencia del FMI con los pa\u00edses receptores contin\u00faan promoviendo dichas pol\u00edticas como una receta para el crecimiento y el informe Doing Business (DB) del Banco Mundial, ahora suspendido, subray\u00f3 err\u00f3neamente los bajos impuestos como una medida necesaria para mejorar el clima de inversi\u00f3n. Esto ha significado que miles de millones de personas sigan vi\u00e9ndose afectadas negativamente por la reducci\u00f3n de las pensiones y los beneficios de la seguridad social; recortes y topes en la masa salarial; recortes en los programas de protecci\u00f3n social y menor seguridad laboral para los trabajadores. Todos estos efectos impactan espec\u00edficamente a las mujeres y socavan la igualdad de g\u00e9nero. De hecho, los recortes a gran escala del empleo p\u00fablico en el sector de la salud de muchos pa\u00edses socavaron gravemente su capacidad para aumentar una\u00a0<\/span><a href=\"https:\/\/financialtransparency.org\/wp-content\/uploads\/2021\/04\/FTC-Tracker-Report-FINAL.pdf\"><span style=\"font-weight: 400;\">respuesta a la COVID-19<\/span><\/a><span style=\"font-weight: 400;\">\u00a0efectiva y los pa\u00edses del Sur global solo pueden gastar aproximadamente el 3,6 % del PIB en la respuesta a la pandemia. De esto, el 63 % se destin\u00f3 a las grandes corporaciones debido a las condiciones de los pr\u00e9stamos otorgados por las Instituciones Financieras Internacionales (IFI) y las preferencias nacionales que favorecen a las grandes empresas del sector formal.<\/span><\/p>\n<p><span style=\"font-weight: 400;\">Mientras que los pa\u00edses del Norte global respondieron con grandes iniciativas de gasto p\u00fablico a la crisis econ\u00f3mica desencadenada por la pandemia de COVID-19, los pa\u00edses de ingresos bajos y medianos enfrentan una crisis de deuda cada vez m\u00e1s grave, y\u00a0<\/span><a href=\"https:\/\/www.imf.org\/external\/Pubs\/ft\/dsa\/DSAlist.pdf\"><span style=\"font-weight: 400;\">m\u00e1s del 50 % de los pa\u00edses de ingresos m\u00e1s bajos se encuentran en problemas de endeudamiento o en alto riesgo de caer en problemas de endeudamiento<\/span><\/a><span style=\"font-weight: 400;\">, reduciendo a\u00fan m\u00e1s el espacio fiscal disponible para tomar medidas vitales de respuesta a una pandemia. Como resultado, los pa\u00edses en desarrollo pueden verse obligados a tomar medidas de austeridad en respuesta a su sobreendeudamiento, agravando a\u00fan m\u00e1s las amenazas a los derechos de la mujer y agravando la desigualdad y la pobreza. De hecho, se esperan recortes del gasto p\u00fablico en\u00a0<\/span><a href=\"https:\/\/policydialogue.org\/files\/publications\/papers\/Global-Austerity-Alert-Ortiz-Cummins-2021-final.pdf\"><span style=\"font-weight: 400;\">154 pa\u00edses en 2021 y hasta 159 pa\u00edses en 2022, afectando al 85 % de la poblaci\u00f3n mundial<\/span><\/a><span style=\"font-weight: 400;\">. El aumento del gasto de recuperaci\u00f3n solo ser\u00e1 posible con el alivio de la deuda, una nueva asignaci\u00f3n y canalizaci\u00f3n de derechos especiales de giro (DEG), impuestos sobre el patrimonio, tributaci\u00f3n progresiva de las grandes empresas y multinacionales con ganancias inesperadas que se implementan de inmediato, entre otras medidas. Esta inminente ola global de medidas de austeridad limitar\u00e1 severamente la capacidad de los gobiernos para montar una recuperaci\u00f3n pand\u00e9mica justa y equitativa, adem\u00e1s de responder a crisis cruzadas como la emergencia clim\u00e1tica. Existe una preocupaci\u00f3n real de que la reducci\u00f3n del espacio fiscal a trav\u00e9s de la combinaci\u00f3n de la crisis econ\u00f3mica y la deuda signifique un nuevo impulso para la privatizaci\u00f3n y financiarizaci\u00f3n de los servicios sociales y p\u00fablicos, limitando a\u00fan m\u00e1s su accesibilidad y asequibilidad para las mujeres y los m\u00e1s vulnerables. Las IFI deben reconocer la necesidad de alejarse de las pol\u00edticas neoliberales y la austeridad est\u00e1ndar para enfrentar las crisis agravantes de este siglo, alentando, en lugar de socavar, las finanzas p\u00fablicas en inversiones sociales que reduzcan las desigualdades y promuevan los derechos humanos, el clima y la justicia de g\u00e9nero. Tambi\u00e9n pedimos a estas instituciones que desarrollen un mecanismo integral de renegociaci\u00f3n de la deuda soberana que vaya mucho m\u00e1s all\u00e1 del alcance de las iniciativas actuales.<\/span><\/p>\n<ol start=\"7\">\n<li><b> Abordar la crisis clim\u00e1tica para lograr una recuperaci\u00f3n justa y ecol\u00f3gica de mujeres y ni\u00f1as<\/b><\/li>\n<\/ol>\n<p><span style=\"font-weight: 400;\">El cambio clim\u00e1tico da lugar a impactos socioecon\u00f3micos de gran alcance que necesitan una respuesta colectiva. La conferencia reiter\u00f3 la importancia de incorporar el marco de derechos humanos dentro del sistema ecol\u00f3gico y el beneficio de alinearse con el movimiento del cambio clim\u00e1tico y el movimiento del nuevo acuerdo verde. Es probable que este problema aumente en importancia dados los paralelismos sist\u00e9micos entre las implicaciones sociales y econ\u00f3micas de la COVID-19 y los impactos previstos del cambio clim\u00e1tico, que incluyen una mayor prevalencia de enfermedades transmitidas por vectores y los impactos en las cadenas de suministro globales por eventos clim\u00e1ticos extremos. Ahora es m\u00e1s urgente que nunca para la acci\u00f3n clim\u00e1tica, reinvertir en infraestructura resiliente al clima y la transici\u00f3n a un futuro con bajas emisiones de carbono para impulsar la creaci\u00f3n de empleo significativa al tiempo que aumenta la resiliencia econ\u00f3mica y ambiental, incluso a trav\u00e9s de impuestos ambientales progresivos.<\/span><\/p>\n<ol start=\"8\">\n<li><b> Construcci\u00f3n de movimiento<\/b><\/li>\n<\/ol>\n<p><span style=\"font-weight: 400;\">Se reconoce el trabajo del movimiento de justicia tributaria al unir fuerzas con otras luchas de justicia social como los sindicatos, el movimiento de justicia clim\u00e1tica, el movimiento de derechos humanos y derechos de las mujeres, entre otros, para moldear el futuro mediante la coordinaci\u00f3n de un poderoso movimiento mundial para responsabilizar a los responsables de la formulaci\u00f3n de pol\u00edticas por la justicia fiscal. Necesitamos construir movimientos para impulsar sistemas tributarios m\u00e1s transformadores que sean transformadores de g\u00e9nero, para una movilizaci\u00f3n colectiva que desaf\u00ede el status quo.<\/span><\/p>\n<p><b>Recomendaciones de la conferencia<\/b><\/p>\n<p><span style=\"font-weight: 400;\">Los gobiernos y las instituciones multilaterales deben:<\/span><\/p>\n<ol>\n<li style=\"font-weight: 400;\" aria-level=\"1\"><span style=\"font-weight: 400;\">Detener los flujos financieros il\u00edcitos y las pr\u00e1cticas\u00a0<\/span><a href=\"https:\/\/s3.amazonaws.com\/oxfam-us\/www\/static\/media\/files\/EI_and_GJ_position_paper_v.15_FINAL_03202017_green_Kenny.pdf\"><span style=\"font-weight: 400;\">agresivas de planificaci\u00f3n fiscal<\/span><\/a><span style=\"font-weight: 400;\">\u00a0que faciliten los abusos fiscales (incluida la elusi\u00f3n fiscal); que tienen un sesgo hacia los pa\u00edses ricos y las corporaciones multinacionales; y que nieguen injustamente a los gobiernos los recursos necesarios para apoyar los derechos de las mujeres e implementar presupuestos sensibles al g\u00e9nero para que los Estados puedan movilizar el m\u00e1ximo de recursos, incluso de las industrias extractivas, para el desarrollo sostenible y promover la igualdad de g\u00e9nero.<\/span><\/li>\n<li style=\"font-weight: 400;\" aria-level=\"1\"><span style=\"font-weight: 400;\">Abordar la elusi\u00f3n y la evasi\u00f3n fiscales mediante medidas de transparencia como: informes p\u00fablicos pa\u00eds por pa\u00eds, intercambio autom\u00e1tico de informaci\u00f3n, creaci\u00f3n de registros p\u00fablicos de beneficiarios reales y eliminar la pr\u00e1ctica de los precios de transferencia y tomar medidas en\u00e9rgicas contra los para\u00edsos fiscales.<\/span><\/li>\n<li style=\"font-weight: 400;\" aria-level=\"1\"><span style=\"font-weight: 400;\">Reducir las cargas fiscales injustas sobre las mujeres y adoptar una tributaci\u00f3n progresiva y con igualdad de g\u00e9nero, incluidas nuevas formas de imposici\u00f3n del capital y la riqueza, combinadas con una menor dependencia de los impuestos al consumo, que perjudican a quienes viven en la pobreza, la mayor\u00eda de los cuales son mujeres.<\/span><\/li>\n<li style=\"font-weight: 400;\" aria-level=\"1\"><span style=\"font-weight: 400;\">Eliminar la discriminaci\u00f3n de g\u00e9nero en las pol\u00edticas fiscales, incluso mediante la pr\u00e1ctica de presupuestos de g\u00e9nero para garantizar que los ingresos fiscales se recauden y se gasten de manera que se promueva la igualdad de g\u00e9nero y se incremente la asignaci\u00f3n de ingresos fiscales para servicios p\u00fablicos de calidad transformadores de g\u00e9nero.<\/span><\/li>\n<li style=\"font-weight: 400;\" aria-level=\"1\"><span style=\"font-weight: 400;\">Garantizar que las pol\u00edticas tributarias y fiscales sustenten las 5R de la reconstrucci\u00f3n de la organizaci\u00f3n social del cuidado, para reconocer, recompensar, reducir y redistribuir y reclamar el cuidado como un bien p\u00fablico y un derecho humano.\u00a0<\/span><\/li>\n<li style=\"font-weight: 400;\" aria-level=\"1\"><span style=\"font-weight: 400;\">El FMI, el Banco Mundial y otras IFI apoyan a los gobiernos para que den prioridad a la construcci\u00f3n de una recuperaci\u00f3n justa, centrada en el cuidado, equitativa y ambientalmente sostenible a largo plazo, alej\u00e1ndose del paradigma neoliberal, la privatizaci\u00f3n y la austeridad, y en su lugar promoviendo medidas que ayudar\u00e1n a ampliar el espacio fiscal de los pa\u00edses, como la imposici\u00f3n progresiva y abordar seriamente los FFI.\u00a0<\/span><\/li>\n<li style=\"font-weight: 400;\" aria-level=\"1\"><span style=\"font-weight: 400;\">Investigaci\u00f3n sobre los impactos de g\u00e9nero de las pol\u00edticas fiscales a nivel nacional y capacitaci\u00f3n de grupos locales de justicia fiscal de g\u00e9nero sobre c\u00f3mo usar esta informaci\u00f3n para presionar a su gobierno.<\/span><\/li>\n<li style=\"font-weight: 400;\" aria-level=\"1\"><span style=\"font-weight: 400;\">Sensibilizar al p\u00fablico en general sobre la justicia fiscal como esencial para cumplir los derechos de la mujer y lograr la igualdad racial y de g\u00e9nero y movilizar a los activistas de la justicia fiscal para influir en los responsables de la formulaci\u00f3n de pol\u00edticas en todos los niveles para que adopten reformas en las pol\u00edticas fiscales para promover la igualdad racial y de g\u00e9nero.<\/span><\/li>\n<li style=\"font-weight: 400;\" aria-level=\"1\"><span style=\"font-weight: 400;\">Construir movimientos para impulsar sistemas fiscales m\u00e1s transformadores que sean sensibles al g\u00e9nero y alineados con los derechos humanos. Construir coaliciones y conexiones m\u00e1s s\u00f3lidas con los servicios p\u00fablicos, el trabajo, los derechos humanos, el movimiento de la deuda y el movimiento por la justicia clim\u00e1tica, y los j\u00f3venes: vinculando el trabajo del movimiento fiscal y de g\u00e9nero con los servicios p\u00fablicos, coordinando el compromiso con los comit\u00e9s de derechos humanos y los esfuerzos continuos de cabildeo en la ONU y a nivel nacional.<\/span><\/li>\n<\/ol>\n<p><b>Signatarios<\/b><\/p>\n<p><span style=\"font-weight: 400;\">ActionAid International<\/span><span style=\"font-weight: 400;\"><br \/>\n<\/span><span style=\"font-weight: 400;\">African Women\u2019s Development and Communications Network (FEMNET)\u00a0<\/span><span style=\"font-weight: 400;\"><br \/>\n<\/span><span style=\"font-weight: 400;\">Akina Mama wa Afrika (AMwA)<\/span><span style=\"font-weight: 400;\"><br \/>\n<\/span><span style=\"font-weight: 400;\">Association for Women\u2019s Rights in Development (AWID)<\/span><span style=\"font-weight: 400;\"><br \/>\n<\/span><span style=\"font-weight: 400;\">Bretton Woods Project<\/span><span style=\"font-weight: 400;\"><br \/>\n<\/span><span style=\"font-weight: 400;\">Canadians for Tax Fairness\u00a0<\/span><span style=\"font-weight: 400;\"><br \/>\n<\/span><span style=\"font-weight: 400;\">Center for Economic and Social Rights (CESR)\u00a0<\/span><span style=\"font-weight: 400;\"><br \/>\n<\/span><span style=\"font-weight: 400;\">Centre R\u00e9gional Africain pour le D\u00e9veloppement Endog\u00e8ne et Communautaire (CRADEC)<\/span><span style=\"font-weight: 400;\"><br \/>\n<\/span><span style=\"font-weight: 400;\">Christian Aid<\/span><span style=\"font-weight: 400;\"><br \/>\n<\/span><span style=\"font-weight: 400;\">Consumer Unity and Trust Society International \u2013 Lusaka\u00a0<\/span><span style=\"font-weight: 400;\"><br \/>\n<\/span><span style=\"font-weight: 400;\">Development Alternatives with Women for a New Era (DAWN)<\/span><span style=\"font-weight: 400;\"><br \/>\n<\/span><span style=\"font-weight: 400;\">FACT Coalition<\/span><span style=\"font-weight: 400;\"><br \/>\n<\/span><span style=\"font-weight: 400;\">Financial Transparency Coalition (FTC)<\/span><span style=\"font-weight: 400;\"><br \/>\n<\/span><span style=\"font-weight: 400;\">Global Alliance for Tax Justice (GATJ)<\/span><span style=\"font-weight: 400;\"><br \/>\n<\/span><span style=\"font-weight: 400;\">International Women\u2019s Rights Action Watch Asia Pacific (IWRAW-AP)<\/span><span style=\"font-weight: 400;\"><br \/>\n<\/span><span style=\"font-weight: 400;\">Nawi \u2013 Afrifem Macroeconomics Collective (NAWI Collective)\u00a0<\/span><span style=\"font-weight: 400;\"><br \/>\n<\/span><span style=\"font-weight: 400;\">OXFAM GB\u00a0<\/span><span style=\"font-weight: 400;\"><br \/>\n<\/span><span style=\"font-weight: 400;\">Public Services International (PSI)<\/span><span style=\"font-weight: 400;\"><br \/>\n<\/span><span style=\"font-weight: 400;\">Queen\u2019s University Canada, Faculty of Law<\/span><span style=\"font-weight: 400;\"><br \/>\n<\/span><span style=\"font-weight: 400;\">Red de Justicia Fiscal de Am\u00e9rica Latina y el Caribe (RJFALC)\u00a0<\/span><span style=\"font-weight: 400;\"><br \/>\n<\/span><span style=\"font-weight: 400;\">South Asia Alliance for Poverty Eradication (SAAPE)<\/span><span style=\"font-weight: 400;\"><br \/>\n<\/span><span style=\"font-weight: 400;\">South Asia Tax and Fiscal Justice Alliance (SATaFJA)<\/span><span style=\"font-weight: 400;\"><br \/>\n<\/span><span style=\"font-weight: 400;\">Southern and Eastern Africa Trade Information and Negotiations Institute (SEATINI)<\/span><span style=\"font-weight: 400;\"><br \/>\n<\/span><span style=\"font-weight: 400;\">Tax and Fiscal Justice Asia (TAFJA)\u00a0<\/span><span style=\"font-weight: 400;\"><br \/>\n<\/span><span style=\"font-weight: 400;\">Tax Justice Network (TJN)<\/span><span style=\"font-weight: 400;\"><br \/>\n<\/span><span style=\"font-weight: 400;\">Tax Justice Network Africa (TJNA)<\/span><span style=\"font-weight: 400;\"><br \/>\n<\/span><span style=\"font-weight: 400;\">Tax Justice-Europe (TJ-E)\u00a0<\/span><span style=\"font-weight: 400;\"><br \/>\n<\/span><span style=\"font-weight: 400;\">Womankind Worldwide<\/span><span style=\"font-weight: 400;\"><br \/>\n<\/span><span style=\"font-weight: 400;\">WIDE Austria<\/span><span style=\"font-weight: 400;\"><br \/>\n<\/span><span style=\"font-weight: 400;\">Women\u2019s Working Group on FFD (WWG on FFD)<\/span><span style=\"font-weight: 400;\"><br \/>\n<\/span><span style=\"font-weight: 400;\">World Basic Income<\/span><\/p>\n\n","protected":false},"excerpt":{"rendered":"<p>Del 6 al 8 de diciembre de 2021, la Alianza Global por la Justicia Fiscal (GATJ) realiz\u00f3 la Conferencia de Justicia Fisc<\/p>\n","protected":false},"featured_media":9684,"template":"","thematic-area":[136,124,121],"year":[120],"resource-type":[],"class_list":["post-9683","news","type-news","status-publish","has-post-thumbnail","hentry","thematic-area-convencion-fiscal-de-la-onu","thematic-area-fiscalidad-y-derechos-humanos","thematic-area-fiscalidad-y-genero","year-2022-es"],"acf":[],"yoast_head":"<!-- This site is optimized with the Yoast SEO plugin v27.2 - https:\/\/yoast.com\/product\/yoast-seo-wordpress\/ -->\n<title>Necesitamos justicia fiscal para la igualdad de g\u00e9nero AHORA - Global Tax Justice<\/title>\n<meta name=\"robots\" content=\"index, follow, max-snippet:-1, max-image-preview:large, max-video-preview:-1\" \/>\n<link rel=\"canonical\" href=\"https:\/\/globaltaxjustice.org\/es\/noticias\/necesitamos-justicia-fiscal-para-la-igualdad-de-genero-ahora\/\" \/>\n<meta property=\"og:locale\" content=\"es_ES\" \/>\n<meta property=\"og:type\" content=\"article\" \/>\n<meta property=\"og:title\" content=\"Necesitamos justicia fiscal para la igualdad de g\u00e9nero AHORA - Global Tax Justice\" \/>\n<meta property=\"og:description\" content=\"Del 6 al 8 de diciembre de 2021, la Alianza Global por la Justicia Fiscal (GATJ) realiz\u00f3 la Conferencia de Justicia Fisc\" \/>\n<meta property=\"og:url\" content=\"https:\/\/globaltaxjustice.org\/es\/noticias\/necesitamos-justicia-fiscal-para-la-igualdad-de-genero-ahora\/\" \/>\n<meta property=\"og:site_name\" content=\"Global Tax Justice\" \/>\n<meta property=\"og:image\" content=\"https:\/\/globaltaxjustice.org\/wp-content\/uploads\/2022\/08\/2022-01-11-Necesitamos-justicia-fiscal-para-la-igualdad-de-genero-AHORA-ES-IMAGEM.png\" \/>\n\t<meta property=\"og:image:width\" content=\"731\" \/>\n\t<meta property=\"og:image:height\" content=\"412\" \/>\n\t<meta property=\"og:image:type\" content=\"image\/png\" \/>\n<meta name=\"twitter:card\" content=\"summary_large_image\" \/>\n<meta name=\"twitter:label1\" content=\"Est. reading time\" \/>\n\t<meta name=\"twitter:data1\" content=\"20 minutos\" \/>\n<script type=\"application\/ld+json\" class=\"yoast-schema-graph\">{\"@context\":\"https:\/\/schema.org\",\"@graph\":[{\"@type\":\"WebPage\",\"@id\":\"https:\/\/globaltaxjustice.org\/es\/noticias\/necesitamos-justicia-fiscal-para-la-igualdad-de-genero-ahora\/\",\"url\":\"https:\/\/globaltaxjustice.org\/es\/noticias\/necesitamos-justicia-fiscal-para-la-igualdad-de-genero-ahora\/\",\"name\":\"Necesitamos justicia fiscal para la igualdad de g\u00e9nero AHORA - Global Tax Justice\",\"isPartOf\":{\"@id\":\"https:\/\/globaltaxjustice.org\/es\/#website\"},\"primaryImageOfPage\":{\"@id\":\"https:\/\/globaltaxjustice.org\/es\/noticias\/necesitamos-justicia-fiscal-para-la-igualdad-de-genero-ahora\/#primaryimage\"},\"image\":{\"@id\":\"https:\/\/globaltaxjustice.org\/es\/noticias\/necesitamos-justicia-fiscal-para-la-igualdad-de-genero-ahora\/#primaryimage\"},\"thumbnailUrl\":\"https:\/\/globaltaxjustice.org\/wp-content\/uploads\/2022\/08\/2022-01-11-Necesitamos-justicia-fiscal-para-la-igualdad-de-genero-AHORA-ES-IMAGEM.png\",\"datePublished\":\"2022-08-27T23:07:57+00:00\",\"breadcrumb\":{\"@id\":\"https:\/\/globaltaxjustice.org\/es\/noticias\/necesitamos-justicia-fiscal-para-la-igualdad-de-genero-ahora\/#breadcrumb\"},\"inLanguage\":\"es\",\"potentialAction\":[{\"@type\":\"ReadAction\",\"target\":[\"https:\/\/globaltaxjustice.org\/es\/noticias\/necesitamos-justicia-fiscal-para-la-igualdad-de-genero-ahora\/\"]}]},{\"@type\":\"ImageObject\",\"inLanguage\":\"es\",\"@id\":\"https:\/\/globaltaxjustice.org\/es\/noticias\/necesitamos-justicia-fiscal-para-la-igualdad-de-genero-ahora\/#primaryimage\",\"url\":\"https:\/\/globaltaxjustice.org\/wp-content\/uploads\/2022\/08\/2022-01-11-Necesitamos-justicia-fiscal-para-la-igualdad-de-genero-AHORA-ES-IMAGEM.png\",\"contentUrl\":\"https:\/\/globaltaxjustice.org\/wp-content\/uploads\/2022\/08\/2022-01-11-Necesitamos-justicia-fiscal-para-la-igualdad-de-genero-AHORA-ES-IMAGEM.png\",\"width\":731,\"height\":412},{\"@type\":\"BreadcrumbList\",\"@id\":\"https:\/\/globaltaxjustice.org\/es\/noticias\/necesitamos-justicia-fiscal-para-la-igualdad-de-genero-ahora\/#breadcrumb\",\"itemListElement\":[{\"@type\":\"ListItem\",\"position\":1,\"name\":\"Home\",\"item\":\"https:\/\/globaltaxjustice.org\/es\/\"},{\"@type\":\"ListItem\",\"position\":2,\"name\":\"News\",\"item\":\"https:\/\/globaltaxjustice.org\/es\/noticias\/\"},{\"@type\":\"ListItem\",\"position\":3,\"name\":\"Necesitamos justicia fiscal para la igualdad de g\u00e9nero AHORA\"}]},{\"@type\":\"WebSite\",\"@id\":\"https:\/\/globaltaxjustice.org\/es\/#website\",\"url\":\"https:\/\/globaltaxjustice.org\/es\/\",\"name\":\"Global Tax Justice\",\"description\":\"Just another WordPress site\",\"publisher\":{\"@id\":\"https:\/\/globaltaxjustice.org\/es\/#organization\"},\"potentialAction\":[{\"@type\":\"SearchAction\",\"target\":{\"@type\":\"EntryPoint\",\"urlTemplate\":\"https:\/\/globaltaxjustice.org\/es\/?s={search_term_string}\"},\"query-input\":{\"@type\":\"PropertyValueSpecification\",\"valueRequired\":true,\"valueName\":\"search_term_string\"}}],\"inLanguage\":\"es\"},{\"@type\":\"Organization\",\"@id\":\"https:\/\/globaltaxjustice.org\/es\/#organization\",\"name\":\"Global Tax Justice\",\"url\":\"https:\/\/globaltaxjustice.org\/es\/\",\"logo\":{\"@type\":\"ImageObject\",\"inLanguage\":\"es\",\"@id\":\"https:\/\/globaltaxjustice.org\/es\/#\/schema\/logo\/image\/\",\"url\":\"https:\/\/globaltaxjustice.org\/wp-content\/uploads\/2024\/10\/logo_header.svg\",\"contentUrl\":\"https:\/\/globaltaxjustice.org\/wp-content\/uploads\/2024\/10\/logo_header.svg\",\"width\":229,\"height\":40,\"caption\":\"Global Tax Justice\"},\"image\":{\"@id\":\"https:\/\/globaltaxjustice.org\/es\/#\/schema\/logo\/image\/\"}}]}<\/script>\n<!-- \/ Yoast SEO plugin. -->","yoast_head_json":{"title":"Necesitamos justicia fiscal para la igualdad de g\u00e9nero AHORA - Global Tax Justice","robots":{"index":"index","follow":"follow","max-snippet":"max-snippet:-1","max-image-preview":"max-image-preview:large","max-video-preview":"max-video-preview:-1"},"canonical":"https:\/\/globaltaxjustice.org\/es\/noticias\/necesitamos-justicia-fiscal-para-la-igualdad-de-genero-ahora\/","og_locale":"es_ES","og_type":"article","og_title":"Necesitamos justicia fiscal para la igualdad de g\u00e9nero AHORA - Global Tax Justice","og_description":"Del 6 al 8 de diciembre de 2021, la Alianza Global por la Justicia Fiscal (GATJ) realiz\u00f3 la Conferencia de Justicia Fisc","og_url":"https:\/\/globaltaxjustice.org\/es\/noticias\/necesitamos-justicia-fiscal-para-la-igualdad-de-genero-ahora\/","og_site_name":"Global Tax Justice","og_image":[{"width":731,"height":412,"url":"https:\/\/globaltaxjustice.org\/wp-content\/uploads\/2022\/08\/2022-01-11-Necesitamos-justicia-fiscal-para-la-igualdad-de-genero-AHORA-ES-IMAGEM.png","type":"image\/png"}],"twitter_card":"summary_large_image","twitter_misc":{"Est. reading time":"20 minutos"},"schema":{"@context":"https:\/\/schema.org","@graph":[{"@type":"WebPage","@id":"https:\/\/globaltaxjustice.org\/es\/noticias\/necesitamos-justicia-fiscal-para-la-igualdad-de-genero-ahora\/","url":"https:\/\/globaltaxjustice.org\/es\/noticias\/necesitamos-justicia-fiscal-para-la-igualdad-de-genero-ahora\/","name":"Necesitamos justicia fiscal para la igualdad de g\u00e9nero AHORA - Global Tax Justice","isPartOf":{"@id":"https:\/\/globaltaxjustice.org\/es\/#website"},"primaryImageOfPage":{"@id":"https:\/\/globaltaxjustice.org\/es\/noticias\/necesitamos-justicia-fiscal-para-la-igualdad-de-genero-ahora\/#primaryimage"},"image":{"@id":"https:\/\/globaltaxjustice.org\/es\/noticias\/necesitamos-justicia-fiscal-para-la-igualdad-de-genero-ahora\/#primaryimage"},"thumbnailUrl":"https:\/\/globaltaxjustice.org\/wp-content\/uploads\/2022\/08\/2022-01-11-Necesitamos-justicia-fiscal-para-la-igualdad-de-genero-AHORA-ES-IMAGEM.png","datePublished":"2022-08-27T23:07:57+00:00","breadcrumb":{"@id":"https:\/\/globaltaxjustice.org\/es\/noticias\/necesitamos-justicia-fiscal-para-la-igualdad-de-genero-ahora\/#breadcrumb"},"inLanguage":"es","potentialAction":[{"@type":"ReadAction","target":["https:\/\/globaltaxjustice.org\/es\/noticias\/necesitamos-justicia-fiscal-para-la-igualdad-de-genero-ahora\/"]}]},{"@type":"ImageObject","inLanguage":"es","@id":"https:\/\/globaltaxjustice.org\/es\/noticias\/necesitamos-justicia-fiscal-para-la-igualdad-de-genero-ahora\/#primaryimage","url":"https:\/\/globaltaxjustice.org\/wp-content\/uploads\/2022\/08\/2022-01-11-Necesitamos-justicia-fiscal-para-la-igualdad-de-genero-AHORA-ES-IMAGEM.png","contentUrl":"https:\/\/globaltaxjustice.org\/wp-content\/uploads\/2022\/08\/2022-01-11-Necesitamos-justicia-fiscal-para-la-igualdad-de-genero-AHORA-ES-IMAGEM.png","width":731,"height":412},{"@type":"BreadcrumbList","@id":"https:\/\/globaltaxjustice.org\/es\/noticias\/necesitamos-justicia-fiscal-para-la-igualdad-de-genero-ahora\/#breadcrumb","itemListElement":[{"@type":"ListItem","position":1,"name":"Home","item":"https:\/\/globaltaxjustice.org\/es\/"},{"@type":"ListItem","position":2,"name":"News","item":"https:\/\/globaltaxjustice.org\/es\/noticias\/"},{"@type":"ListItem","position":3,"name":"Necesitamos justicia fiscal para la igualdad de g\u00e9nero AHORA"}]},{"@type":"WebSite","@id":"https:\/\/globaltaxjustice.org\/es\/#website","url":"https:\/\/globaltaxjustice.org\/es\/","name":"Global Tax Justice","description":"Just another WordPress site","publisher":{"@id":"https:\/\/globaltaxjustice.org\/es\/#organization"},"potentialAction":[{"@type":"SearchAction","target":{"@type":"EntryPoint","urlTemplate":"https:\/\/globaltaxjustice.org\/es\/?s={search_term_string}"},"query-input":{"@type":"PropertyValueSpecification","valueRequired":true,"valueName":"search_term_string"}}],"inLanguage":"es"},{"@type":"Organization","@id":"https:\/\/globaltaxjustice.org\/es\/#organization","name":"Global Tax Justice","url":"https:\/\/globaltaxjustice.org\/es\/","logo":{"@type":"ImageObject","inLanguage":"es","@id":"https:\/\/globaltaxjustice.org\/es\/#\/schema\/logo\/image\/","url":"https:\/\/globaltaxjustice.org\/wp-content\/uploads\/2024\/10\/logo_header.svg","contentUrl":"https:\/\/globaltaxjustice.org\/wp-content\/uploads\/2024\/10\/logo_header.svg","width":229,"height":40,"caption":"Global Tax Justice"},"image":{"@id":"https:\/\/globaltaxjustice.org\/es\/#\/schema\/logo\/image\/"}}]}},"_links":{"self":[{"href":"https:\/\/globaltaxjustice.org\/es\/wp-json\/wp\/v2\/news\/9683","targetHints":{"allow":["GET"]}}],"collection":[{"href":"https:\/\/globaltaxjustice.org\/es\/wp-json\/wp\/v2\/news"}],"about":[{"href":"https:\/\/globaltaxjustice.org\/es\/wp-json\/wp\/v2\/types\/news"}],"version-history":[{"count":0,"href":"https:\/\/globaltaxjustice.org\/es\/wp-json\/wp\/v2\/news\/9683\/revisions"}],"wp:featuredmedia":[{"embeddable":true,"href":"https:\/\/globaltaxjustice.org\/es\/wp-json\/wp\/v2\/media\/9684"}],"wp:attachment":[{"href":"https:\/\/globaltaxjustice.org\/es\/wp-json\/wp\/v2\/media?parent=9683"}],"wp:term":[{"taxonomy":"thematic-area","embeddable":true,"href":"https:\/\/globaltaxjustice.org\/es\/wp-json\/wp\/v2\/thematic-area?post=9683"},{"taxonomy":"year","embeddable":true,"href":"https:\/\/globaltaxjustice.org\/es\/wp-json\/wp\/v2\/year?post=9683"},{"taxonomy":"resource-type","embeddable":true,"href":"https:\/\/globaltaxjustice.org\/es\/wp-json\/wp\/v2\/resource-type?post=9683"}],"curies":[{"name":"wp","href":"https:\/\/api.w.org\/{rel}","templated":true}]}}